{"id":8714,"date":"2016-12-12T14:15:17","date_gmt":"2016-12-12T13:15:17","guid":{"rendered":"http:\/\/www.warlandia.it\/blog\/?p=8714"},"modified":"2021-09-23T15:16:28","modified_gmt":"2021-09-23T13:16:28","slug":"piu-libri-piu-liberi-a-spasso-fra-i-libri-con-mia-figlia","status":"publish","type":"post","link":"https:\/\/www.warlandia.it\/magazine\/2016\/12\/12\/piu-libri-piu-liberi-a-spasso-fra-i-libri-con-mia-figlia\/","title":{"rendered":"Pi\u00f9 libri, pi\u00f9 liberi &#8211; A spasso fra i libri con mia figlia"},"content":{"rendered":"\n<p class=\"wp-block-paragraph\"><span style=\"font-weight: 400;\">Quest\u2019anno finalmente dopo tante occasioni rimandate sono andato alla fiera del libro a Roma dal titolo <a href=\"https:\/\/plpl.it\/\" target=\"_blank\" rel=\"noreferrer noopener\" aria-label=\"Pi\u00f9 libri, pi\u00f9 liberi (apre in una nuova scheda)\">Pi\u00f9 libri, pi\u00f9 liberi<\/a>&nbsp;ospitata presso il palazzo delle esposizioni.<\/span><\/p>\n\n\n\n<div class=\"wp-block-image size-full wp-image-8716\"><figure class=\"aligncenter\"><img decoding=\"async\" src=\"http:\/\/www.warlandia.it\/blog\/wp-content\/uploads\/2016\/12\/piulibri01.jpg\" alt=\"Palazzo delle esposizioni - Pi\u00f9 libri, pi\u00f9 liberi 2016\" class=\"wp-image-8716\"\/><figcaption>Palazzo delle esposizioni &#8211; Pi\u00f9 libri, pi\u00f9 liberi 2016<\/figcaption><\/figure><\/div>\n\n\n\n<p class=\"wp-block-paragraph\"><span style=\"font-weight: 400;\">La nostra \u00e8 stata una visita particolare per via della presenza di mia figlia di 5 anni e mezzo che, pur essendo piccola, ama gi\u00e0 i libri ancor prima di saper leggere.<\/span><\/p>\n\n\n\n<p class=\"wp-block-paragraph\"><span style=\"font-weight: 400;\">Da anni, infatti, ascolta me che leggo per lei i libri per bambini o che le racconto storie di ogni tipo. Ha cos\u00ec imparato ad amare la narrazione di ogni tipo nelle forme del libro, del racconto, della rappresentazione teatrale, passando per il teatro dell\u2019Opera dei Pupi di Palermo, ascoltando audiolibri, guardando film tratti da bei libri e cos\u00ec via. <\/span><\/p>\n\n\n\n<p class=\"wp-block-paragraph\"><span style=\"font-weight: 400;\">La mia piccola ha visto e ci ha fatto vedere la mostra con degli occhi da bimba e con un entusiasmo tipico dei bambini. Siamo andati in giro fra uno stand e l\u2019altro e abbiamo trovato moltissimi autori che dedicano interi spazi ai bambini. Libri colorati, interattivi, opere da completare e colorare, giochi per imparare e molto altro.<\/span><\/p>\n\n\n\n<p class=\"wp-block-paragraph\"><span style=\"font-weight: 400;\">L\u2019attivit\u00e0 che l\u2019ha vista direttamente impegnata \u00e8 stata un laboratorio tenuto dall\u2019illustratore <strong>Andrea Musso<\/strong><\/span><\/p>\n\n\n\n<div class=\"wp-block-image size-full wp-image-8717\"><figure class=\"aligncenter\"><img decoding=\"async\" src=\"http:\/\/www.warlandia.it\/blog\/wp-content\/uploads\/2016\/12\/piulibri02.jpg\" alt=\"Pi\u00f9 libri, pi\u00f9 liberi 2016 - Andrea Musso Illustratore\" class=\"wp-image-8717\"\/><figcaption>Pi\u00f9 libri, pi\u00f9 liberi 2016 &#8211; Andrea Musso Illustratore<\/figcaption><\/figure><\/div>\n\n\n\n<p class=\"wp-block-paragraph\"><span style=\"font-weight: 400;\"><a href=\"https:\/\/www.facebook.com\/andreamusso.illustratore\">https:\/\/www.facebook.com\/andreamusso.illustratore<\/a>&nbsp;&#8211;<\/span><span style=\"font-weight: 400;\">&nbsp;che, fra l\u2019altro, ha realizzato le illustrazioni per i romanzi di Anne Fine della serie <strong>Il gatto Killer<\/strong> (<\/span><a href=\"http:\/\/www.sonda.it\/Catalogo\/Libri\/3-427\/Confessioni-di-un-gatto-killer\/\"><span style=\"font-weight: 400;\">http:\/\/www.sonda.it\/Catalogo\/Libri\/3-427\/Confessioni-di-un-gatto-killer\/<\/span><\/a><span style=\"font-weight: 400;\">).<\/span><\/p>\n\n\n\n<p class=\"wp-block-paragraph\"><span style=\"font-weight: 400;\">Andrea \u00e8 stato bravissimo e ha mostrato ai bambini come realizzare diversi schizzi e come non perdersi d\u2019animo davanti alle difficolt\u00e0. I bambini erano tutti molto coinvolti e mia figlia ha colto i suggerimenti dell\u2019artista che li ha invitati a continuare ad esercitarsi nei giorni successivi per migliorare quanto imparato con lui.<\/span><\/p>\n\n\n\n<p class=\"wp-block-paragraph\"><span style=\"font-weight: 400;\">Come sempre un evento sui libri ha molte sfaccettature e tante occasioni di incontro. Nel nostro caso \u00e8 diventato un giorno speciale per Costanza che ha anche ricevuto una copia autografata con dedica del primo romanzo della serie <strong>Il gatto killer<\/strong>.&nbsp;<\/span><\/p>\n\n\n\n<p class=\"wp-block-paragraph\">Da notare che Andrea si \u00e8 disegnato come un gatto che rilascia l&#8217;autografo alla mia Costanza che lo osserva&#8230;fikissimo!<\/p>\n\n\n\n<div class=\"wp-block-image size-full wp-image-8718\"><figure class=\"aligncenter is-resized\"><img loading=\"lazy\" decoding=\"async\" src=\"http:\/\/www.warlandia.it\/blog\/wp-content\/uploads\/2016\/12\/piulibri03.jpg\" alt=\"Illustrazione con dedica di Andrea Musso\" class=\"wp-image-8718\" width=\"571\" height=\"761\"\/><figcaption>Illustrazione con dedica di Andrea Musso<\/figcaption><\/figure><\/div>\n\n\n\n<p class=\"wp-block-paragraph\"><span style=\"font-weight: 400;\">Che dire? Esperienza da ripetere e condividere!<\/span><\/p>\n","protected":false},"excerpt":{"rendered":"<p>Quest\u2019anno finalmente dopo tante occasioni rimandate sono andato alla fiera del libro a Roma dal titolo Pi\u00f9 libri, pi\u00f9 liberi ospitata presso il palazzo delle esposizioni. La nostra \u00e8 stata una visita particolare per via della presenza di mia figlia di 5 anni e mezzo che, pur essendo piccola, ama gi\u00e0 i libri ancor prima di saper leggere<\/p>\n","protected":false},"author":1,"featured_media":8890,"comment_status":"closed","ping_status":"closed","sticky":false,"template":"","format":"standard","meta":{"_crdt_document":"","footnotes":""},"categories":[14],"tags":[71,16],"class_list":["post-8714","post","type-post","status-publish","format-standard","has-post-thumbnail","hentry","category-news","tag-bambini","tag-evento","latest_post"],"_links":{"self":[{"href":"https:\/\/www.warlandia.it\/magazine\/wp-json\/wp\/v2\/posts\/8714","targetHints":{"allow":["GET"]}}],"collection":[{"href":"https:\/\/www.warlandia.it\/magazine\/wp-json\/wp\/v2\/posts"}],"about":[{"href":"https:\/\/www.warlandia.it\/magazine\/wp-json\/wp\/v2\/types\/post"}],"author":[{"embeddable":true,"href":"https:\/\/www.warlandia.it\/magazine\/wp-json\/wp\/v2\/users\/1"}],"replies":[{"embeddable":true,"href":"https:\/\/www.warlandia.it\/magazine\/wp-json\/wp\/v2\/comments?post=8714"}],"version-history":[{"count":7,"href":"https:\/\/www.warlandia.it\/magazine\/wp-json\/wp\/v2\/posts\/8714\/revisions"}],"predecessor-version":[{"id":13931,"href":"https:\/\/www.warlandia.it\/magazine\/wp-json\/wp\/v2\/posts\/8714\/revisions\/13931"}],"wp:featuredmedia":[{"embeddable":true,"href":"https:\/\/www.warlandia.it\/magazine\/wp-json\/wp\/v2\/media\/8890"}],"wp:attachment":[{"href":"https:\/\/www.warlandia.it\/magazine\/wp-json\/wp\/v2\/media?parent=8714"}],"wp:term":[{"taxonomy":"category","embeddable":true,"href":"https:\/\/www.warlandia.it\/magazine\/wp-json\/wp\/v2\/categories?post=8714"},{"taxonomy":"post_tag","embeddable":true,"href":"https:\/\/www.warlandia.it\/magazine\/wp-json\/wp\/v2\/tags?post=8714"}],"curies":[{"name":"wp","href":"https:\/\/api.w.org\/{rel}","templated":true}]}}