{"id":7893,"date":"2014-07-18T10:56:22","date_gmt":"2014-07-18T08:56:22","guid":{"rendered":"http:\/\/www.warlandia.it\/blog\/?p=7893"},"modified":"2020-03-04T10:25:43","modified_gmt":"2020-03-04T09:25:43","slug":"la-maschera-e-la-spada-ragnarok","status":"publish","type":"post","link":"https:\/\/www.warlandia.it\/magazine\/2014\/07\/18\/la-maschera-e-la-spada-ragnarok\/","title":{"rendered":"La maschera e la spada &#8211; Ragnarok"},"content":{"rendered":"\n<p class=\"wp-block-paragraph\"><em>Ritorna <a href=\"https:\/\/www.warlandia.it\/magazine\/2012\/02\/15\/intervista-ad-alberto-de-stefano\/\">Alberto De Stefano <\/a>con il secondo volume della saga fantasy La maschera e la spada dal titolo <strong>Ragnarok<\/strong>. Lo abbiamo conosciuto qualche tempo fa con \u00a0<a href=\"https:\/\/www.warlandia.it\/magazine\/2011\/11\/26\/lultimo-eroe-del-klaidmark-recensione\/\">L\u2019Ultimo Eroe del Klaidmark<\/a>\u00a0e siamo rimasti in contatto.<\/em><\/p>\n\n\n\n<div class=\"wp-block-image\"><figure class=\"aligncenter size-large\"><img loading=\"lazy\" decoding=\"async\" width=\"400\" height=\"605\" src=\"https:\/\/www.warlandia.it\/magazine\/wp-content\/uploads\/2014\/10\/maschera-ragnarok.jpg\" alt=\"\" class=\"wp-image-13509\" srcset=\"https:\/\/www.warlandia.it\/magazine\/wp-content\/uploads\/2014\/10\/maschera-ragnarok.jpg 400w, https:\/\/www.warlandia.it\/magazine\/wp-content\/uploads\/2014\/10\/maschera-ragnarok-198x300.jpg 198w\" sizes=\"auto, (max-width: 400px) 100vw, 400px\" \/><figcaption>La maschera e la spada &#8211; Ragnarok<\/figcaption><\/figure><\/div>\n\n\n\n<p class=\"wp-block-paragraph\">Oggi ritorna con Armando Curcio Editore e il suo nuovo libro.<\/p>\n\n\n\n<p class=\"wp-block-paragraph\">Ecco a voi la sinossi<\/p>\n\n\n\n<blockquote class=\"wp-block-quote is-layout-flow wp-block-quote-is-layout-flow\"><p><em><span style=\"line-height: 1.5em;\">Qualcosa di strano sconvolge le vite degli abitanti di Falastur. I maghi sentono che qualcosa non va nell\u2019invisibile trama della magia. Persino i druidi vengono colpiti da un male senza nome. Sar\u00e0 di nuovo il momento di Dahralin e Argail, che si lanceranno in una corsa contro il tempo per salvare ci\u00f2 che hanno di pi\u00f9 caro. Intanto Dunkan, la guida degli stregoni di Ort, si mette in viaggio per ritrovare la <\/span>Maschera degli inganni<span style=\"line-height: 1.5em;\">, finita nelle mani di Shivan. L\u2019oscuro potere di Shamak sta divorando l\u2019Yggdrasil, minacciando di far scomparire tutta la magia dal mondo. Saranno le Norne ad intervenire, ancora una volta, nella vita dei tre <\/span>antieroi<span style=\"line-height: 1.5em;\">, mentre imperversa la guerra tra gli D\u00e9i. Tra intrecci e indovinelli, amori e tradimenti, il romanzo vi catapulter\u00e0 in un mondo non troppo dissimile dal nostro, dove il confine tra bene e male \u00e8 solo un sottile filo invisibile.<\/span><\/em><\/p><cite>Sinossi tratta dal libro<\/cite><\/blockquote>\n\n\n\n<p class=\"wp-block-paragraph\">Speriamo a breve di trovare il tempo per leggerlo e parlarne insieme.<\/p>\n","protected":false},"excerpt":{"rendered":"<p>Ritorna Alberto De Stefano con il secondo volume della saga fantasy La maschera e la spada dal titolo Ragnarok. Lo abbiamo conosciuto qualche tempo fa con  L\u2019Ultimo Eroe del Klaidmark e siamo rimasti in contatto.<\/p>\n","protected":false},"author":1,"featured_media":13509,"comment_status":"closed","ping_status":"closed","sticky":false,"template":"","format":"standard","meta":{"_crdt_document":"","footnotes":""},"categories":[4],"tags":[6,15],"class_list":["post-7893","post","type-post","status-publish","format-standard","has-post-thumbnail","hentry","category-libri","tag-fantasy","tag-romanzo","latest_post"],"_links":{"self":[{"href":"https:\/\/www.warlandia.it\/magazine\/wp-json\/wp\/v2\/posts\/7893","targetHints":{"allow":["GET"]}}],"collection":[{"href":"https:\/\/www.warlandia.it\/magazine\/wp-json\/wp\/v2\/posts"}],"about":[{"href":"https:\/\/www.warlandia.it\/magazine\/wp-json\/wp\/v2\/types\/post"}],"author":[{"embeddable":true,"href":"https:\/\/www.warlandia.it\/magazine\/wp-json\/wp\/v2\/users\/1"}],"replies":[{"embeddable":true,"href":"https:\/\/www.warlandia.it\/magazine\/wp-json\/wp\/v2\/comments?post=7893"}],"version-history":[{"count":4,"href":"https:\/\/www.warlandia.it\/magazine\/wp-json\/wp\/v2\/posts\/7893\/revisions"}],"predecessor-version":[{"id":13516,"href":"https:\/\/www.warlandia.it\/magazine\/wp-json\/wp\/v2\/posts\/7893\/revisions\/13516"}],"wp:featuredmedia":[{"embeddable":true,"href":"https:\/\/www.warlandia.it\/magazine\/wp-json\/wp\/v2\/media\/13509"}],"wp:attachment":[{"href":"https:\/\/www.warlandia.it\/magazine\/wp-json\/wp\/v2\/media?parent=7893"}],"wp:term":[{"taxonomy":"category","embeddable":true,"href":"https:\/\/www.warlandia.it\/magazine\/wp-json\/wp\/v2\/categories?post=7893"},{"taxonomy":"post_tag","embeddable":true,"href":"https:\/\/www.warlandia.it\/magazine\/wp-json\/wp\/v2\/tags?post=7893"}],"curies":[{"name":"wp","href":"https:\/\/api.w.org\/{rel}","templated":true}]}}