{"id":5443,"date":"2012-08-28T00:10:10","date_gmt":"2012-08-28T00:10:10","guid":{"rendered":"http:\/\/www.warlandia.it\/blog\/?p=5443"},"modified":"2019-11-12T14:23:26","modified_gmt":"2019-11-12T13:23:26","slug":"recensione-su-sitael-la-seconda-vita-edizione-rizzoli","status":"publish","type":"post","link":"https:\/\/www.warlandia.it\/magazine\/2012\/08\/28\/recensione-su-sitael-la-seconda-vita-edizione-rizzoli\/","title":{"rendered":"Recensione su Sitael, la seconda vita edizione RIZZOLI"},"content":{"rendered":"\n<div class=\"wp-block-image\"><figure class=\"alignleft\"><img loading=\"lazy\" decoding=\"async\" width=\"400\" height=\"656\" src=\"http:\/\/www.warlandia.it\/magazine\/wp-content\/uploads\/2012\/08\/sitael-rizzoli.jpg\" alt=\"\" class=\"wp-image-9585\" srcset=\"https:\/\/www.warlandia.it\/magazine\/wp-content\/uploads\/2012\/08\/sitael-rizzoli.jpg 400w, https:\/\/www.warlandia.it\/magazine\/wp-content\/uploads\/2012\/08\/sitael-rizzoli-183x300.jpg 183w\" sizes=\"auto, (max-width: 400px) 100vw, 400px\" \/><\/figure><\/div>\n\n\n\n<p class=\"wp-block-paragraph\"><span id=\"internal-source-marker_0.374684467446059\">Il romanzo <a href=\"http:\/\/www.warlandia.it\/magazine\/index.php\/2010\/11\/02\/sitael-di-alessia-fiorentino\/\">SITAEL la seconda vita<\/a> della giovane autrice di Palermo, <a href=\"http:\/\/www.warlandia.it\/magazine\/index.php\/2010\/11\/15\/intervista-ad-alessia-fiorentino\/\">Alessia Fiorentino<strong>,<\/strong><\/a> gi\u00e0 edito presso <strong>FLACCOVIO<\/strong> \u00e8 stato riveduto e corretto per una nuova pubblicazione con <strong>RIZZOLI<\/strong>.<\/span><\/p>\n\n\n\n<p class=\"wp-block-paragraph\">La nuova versione del romanzo \u00e8 decisamente pi\u00f9 economica e breve: sono stati operati dei tagli decisivi sul testo originale che era, effettivamente, molto esteso.<\/p>\n\n\n\n<p class=\"wp-block-paragraph\">Ho avuto l\u2019occasione di leggere entrambe le edizioni del primo volume della trilogia e mi sono avvicinato alla seconda edizione con un po\u2019 di sospetto. Pensavo, infatti, che il romanzo avrebbe risentito dei tagli imposti dal nuovo editore all&#8217;autrice.<\/p>\n\n\n\n<p class=\"wp-block-paragraph\">In realt\u00e0 la freschezza della scrittura \u00e8 stata mantenuta e la trama \u00e8 fedelissima a quella che era la prima versione del romanzo. La scrittura \u00e8 pi\u00f9 snella e veloce e nessuno dei personaggi ha risentito della revisione del testo.<\/p>\n\n\n\n<p class=\"wp-block-paragraph\">La storia \u00e8 bellissima e per chi non la conoscesse ecco la trama in breve:<\/p>\n\n\n\n<p class=\"wp-block-paragraph\"><em>In un mondo governato dalla luce e dall\u2019ombra, Etenn \u00e8 un quattordicenne infelice della sua vita da scudiero, anche se il colore dorato dei suoi occhi lascia capire che in lui c\u2019\u00e8 qualcosa di speciale. Proprio quando Qurasch, il figlio del Demonio, minaccia di gettare la Terra di Lycenell nel buio e nel silenzio per condannarla alla sua stessa solitudine, Etenn entra in possesso del Sitael, una sfera di Luce allo stato puro, e da quel momento niente per lui sar\u00e0 pi\u00f9 come prima. Perch\u00e9 il Sitael \u00e8 l\u2019unica arma in grado di sconfiggere Qurasch, ed Etenn ha la capacit\u00e0 di usarlo come nessun altro. Nel lungo viaggio che lo porter\u00e0 faccia a faccia con il suo nemico naturale, tra mille prove che riuscir\u00e0 a superare solo grazie alla sua forza di volont\u00e0 e all\u2019aiuto degli amici che lo accompagneranno in questa seconda vita, Etenn dovr\u00e0 mettere insieme i pezzi del proprio passato. E scoprir\u00e0 lati di se stesso pi\u00f9 oscuri di quanto non avrebbe voluto.<\/em><\/p>\n\n\n\n<p class=\"wp-block-paragraph\">Consiglio questo bel romanzo a chi ama il genere fantastico. In esso sono racchiusi molti miti e leggende dell\u2019antichit\u00e0 in una nuova veste moderna. Vi innamorerete del piccolo <a href=\"http:\/\/www.warlandia.it\/magazine\/index.php\/2011\/01\/17\/sitael-etenn\/\">Etenn<\/a> che con la sua eroica goffaggine far\u00e0 sognare tutti a occhi aperti.<\/p>\n","protected":false},"excerpt":{"rendered":"<p>LIBRI \/ 28 AGOSTO 2012<br \/>\nIl romanzo SITAEL la seconda vita della giovane autrice di Palermo, Alessia Fiorentino, gi\u00e0 edito presso FLACCOVIO \u00e8 stato riveduto e corretto per una nuova pubblicazione con RIZZOLI. La nuova versione del romanzo \u00e8 decisamente pi\u00f9 economica e breve: sono stati operati dei tagli decisivi sul testo originale che era, effettivamente, molto esteso. Ho avuto l\u2019occasione di leggere entrambe le edizioni del primo volume della trilogia e mi sono avvicinato alla seconda edizione con un po\u2019 di sospetto<\/p>\n","protected":false},"author":1,"featured_media":9586,"comment_status":"closed","ping_status":"closed","sticky":false,"template":"","format":"standard","meta":{"_crdt_document":"","footnotes":""},"categories":[4],"tags":[85],"class_list":["post-5443","post","type-post","status-publish","format-standard","has-post-thumbnail","hentry","category-libri","tag-sitael","latest_post"],"_links":{"self":[{"href":"https:\/\/www.warlandia.it\/magazine\/wp-json\/wp\/v2\/posts\/5443","targetHints":{"allow":["GET"]}}],"collection":[{"href":"https:\/\/www.warlandia.it\/magazine\/wp-json\/wp\/v2\/posts"}],"about":[{"href":"https:\/\/www.warlandia.it\/magazine\/wp-json\/wp\/v2\/types\/post"}],"author":[{"embeddable":true,"href":"https:\/\/www.warlandia.it\/magazine\/wp-json\/wp\/v2\/users\/1"}],"replies":[{"embeddable":true,"href":"https:\/\/www.warlandia.it\/magazine\/wp-json\/wp\/v2\/comments?post=5443"}],"version-history":[{"count":7,"href":"https:\/\/www.warlandia.it\/magazine\/wp-json\/wp\/v2\/posts\/5443\/revisions"}],"predecessor-version":[{"id":11989,"href":"https:\/\/www.warlandia.it\/magazine\/wp-json\/wp\/v2\/posts\/5443\/revisions\/11989"}],"wp:featuredmedia":[{"embeddable":true,"href":"https:\/\/www.warlandia.it\/magazine\/wp-json\/wp\/v2\/media\/9586"}],"wp:attachment":[{"href":"https:\/\/www.warlandia.it\/magazine\/wp-json\/wp\/v2\/media?parent=5443"}],"wp:term":[{"taxonomy":"category","embeddable":true,"href":"https:\/\/www.warlandia.it\/magazine\/wp-json\/wp\/v2\/categories?post=5443"},{"taxonomy":"post_tag","embeddable":true,"href":"https:\/\/www.warlandia.it\/magazine\/wp-json\/wp\/v2\/tags?post=5443"}],"curies":[{"name":"wp","href":"https:\/\/api.w.org\/{rel}","templated":true}]}}