{"id":4434,"date":"2011-09-12T06:16:50","date_gmt":"2011-09-12T06:16:50","guid":{"rendered":"http:\/\/www.warlandia.it\/blog\/?p=4434"},"modified":"2019-10-31T15:22:31","modified_gmt":"2019-10-31T14:22:31","slug":"napo-intervista-marta-leandra-mandelli-di-oltremondo","status":"publish","type":"post","link":"https:\/\/www.warlandia.it\/magazine\/2011\/09\/12\/napo-intervista-marta-leandra-mandelli-di-oltremondo\/","title":{"rendered":"Napo intervista Marta Leandra Mandelli di Oltremondo"},"content":{"rendered":"\n<p class=\"wp-block-paragraph\"><em>Quattro chiacchiere con l&#8217;autrice di OLTREMONDO, Petali di rosa e fili di ragnatela<\/em><\/p>\n\n\n\n<figure class=\"wp-block-image size-large\"><img loading=\"lazy\" decoding=\"async\" width=\"768\" height=\"1024\" src=\"https:\/\/www.warlandia.it\/magazine\/wp-content\/uploads\/2012\/07\/marta-leandra-mandelli-768x1024.jpg\" alt=\"\" class=\"wp-image-10131\" srcset=\"https:\/\/www.warlandia.it\/magazine\/wp-content\/uploads\/2012\/07\/marta-leandra-mandelli-768x1024.jpg 768w, https:\/\/www.warlandia.it\/magazine\/wp-content\/uploads\/2012\/07\/marta-leandra-mandelli-225x300.jpg 225w, https:\/\/www.warlandia.it\/magazine\/wp-content\/uploads\/2012\/07\/marta-leandra-mandelli.jpg 800w\" sizes=\"auto, (max-width: 768px) 100vw, 768px\" \/><figcaption>Mata Leandra Mandelli<\/figcaption><\/figure>\n\n\n\n<p class=\"wp-block-paragraph\"><strong>Carissima Marta, di ritorno dalle meritate ferie spero tu sia rilassata e pronta a farti intervistare da me. Come hai trascorso questo periodo di ferie?<\/strong><\/p>\n\n\n\n<p class=\"wp-block-paragraph\">Purtroppo la prerogativa delle vacanze \u00e8 che passano troppo in fretta&#8230; ho trascorso un piacevolissimo periodo al mare nel nostro bel paese, armata di maschera e boccaglio alla scoperta della fauna marina. Adoro i pesci, sono agili e hanno un certo non so che di buffo che mi cattura fino a farmi diventare le labbra viola e a costringermi a uscire dall&#8217;acqua, sempre a malincuore. Vacanza per me \u00e8 anche sinonimo di relax insieme a mio marito, addentrandoci in nuove storie. Infatti, la spiaggia \u00e8 il luogo ideale per leggere e porto sempre qualche romanzo in valigia, a costo di trasformarla in un autentico macigno inamovibile.<\/p>\n\n\n\n<p class=\"wp-block-paragraph\"><strong>Parliamo di Oltremondo e di come lo hai scritto. Vorrei sapere come ti \u00e8 nata l&#8217;idea di scrivere e, in particolare, come si \u00e8 fatta strada la storia da te narrata fra Milano e una terra fantastica che hai chiamato Oltremondo.<\/strong><\/p>\n\n\n\n<p class=\"wp-block-paragraph\">L&#8217;idea in s\u00e9, intesa come nucleo centrale della trama di Oltremondo di cui <em>Petali di Rosa e Fili di<\/em> <em>Ragnatela<\/em> \u00e8 il primo capitolo, mi \u00e8 venuta all&#8217;improvviso, una sorta di colpo di fulmine in un certo senso. Allo stesso modo, ho subito saputo di volerla scrivere, forse perfino di doverla scrivere per assecondare un lato creativo che non sapevo di avere. Milano \u00e8 la mia citt\u00e0 e le sono molto affezionata, andando avanti con la storia potrei definirla quasi un personaggio, un filo conduttore che cambia di volta in volta ma che \u00e8 sempre presente. Per certi aspetti, contribuisce alla formazione dei miei protagonisti, a volte li aiuta e a volte li ostacola, altre ancora li accompagna nel loro percorso. Mi piace pensare di averle reso un piccolo omaggio, anche se la citt\u00e0 descritta nel mio romanzo si discosta parecchio da quella vera, restando sempre un frizzante luogo di incontro di realt\u00e0 diverse.<\/p>\n\n\n\n<p class=\"wp-block-paragraph\"><strong>Sei una persona riflessiva quando si tratta di scrivere o butti gi\u00f9 tutto quello che ti viene in mente senza sapere dove andranno i tuoi personaggi?<\/strong><\/p>\n\n\n\n<p class=\"wp-block-paragraph\">Quando inizio nuovo capitolo so cosa sta per succedere, quale sar\u00e0 il fatto principale. Per\u00f2, qui si ferma la mia razionalit\u00e0: una volta trovato l\u2019incipit \u00e8 come se i miei personaggi mi mostrassero la via. A volte, mi pare quasi che siano loro a raccontare la storia e questo aspetto, a costo di sembrarvi matta, me li rende assolutamente reali. Quando ho iniziato a scrivere, sapevo esattamente quale sarebbe stato l&#8217;inizio e quale la fine, quali aspetti sarebbero stati svelati e quali avrebbero dovuto attendere la fine del sequel, ma molti passaggi li ho scoperti procedendo con la trama.<\/p>\n\n\n\n<p class=\"wp-block-paragraph\"><strong>Ci sono diversi aspetti che colpiscono nel tuo romanzo. Fra i tanti spunti di riflessione mi viene in mente la Milano da te descritta. All&#8217;inizio mi hai fatto un po&#8217; paura perch\u00e9 pareva che per te fosse davvero un mondo perfetto. Che ne dici? Come spieghi la prima parte del romanzo?<\/strong><\/p>\n\n\n\n<p class=\"wp-block-paragraph\">Ti dico solo che una mia cara amica mi ha chiesto se fossi impazzita! Questa versione di Milano non \u00e8 un mondo che auspico, non \u00e8 la mia idea di perfezione o la mia risposta ai problemi della citt\u00e0 o dell&#8217;Italia, \u00e8 semplicemente una versione alternativa. Incarna quel tipo di fantasy giocato sulla verosimilit\u00e0 dell&#8217;esistente che mi \u00e8 molto caro.<\/p>\n\n\n\n<p class=\"wp-block-paragraph\">Ci\u00f2 che apprezzo in una storia \u00e8 l&#8217;evoluzione interiore dei personaggi e ho fatto del mio meglio per costruire i miei ragazzi in questo senso. L&#8217;idea di partenza \u00e8 che alla persona pi\u00f9 improbabile capita l&#8217;impensabile, quindi come potrebbe essere un&#8217;eroina guerriera depositaria di un\u2019antica e potente magia? Mi sono risposta dando vita a una ragazza spensierata, razionale, pi\u00f9 giovane e immatura dei suoi vent&#8217;anni, spesso fragile e insicura, che si tuffa in una vita frivola in grado di darle certezze concrete. Ci\u00f2 detto, in che genere di citt\u00e0 pu\u00f2 vivere? Da questo ragionamento \u00e8 nata questa versione di Milano, un ambiente ovattato, ordinato, pulito e sicuro, in cui Siobhan e gli eredi di Oltremondo si ritrovano, si riscoprono e apprendono amaramente che la perfezione non esiste e che il destino li attende sfidandoli con le loro stesse paure.<\/p>\n\n\n\n<p class=\"wp-block-paragraph\"><strong>E dopo? Il libro ha una seconda e una terza parte. La prima \u00e8 di circa 200 pagine, la seconda anche e la terza? Come mai lo sbilanciamento al termine della narrazione ti ha portato a scrivere una terza parte cos\u00ec piccola rispetto alle altre?<\/strong><\/p>\n\n\n\n<p class=\"wp-block-paragraph\"><em>Petali di Rosa e Fili di Ragnatela<\/em> \u00e8 un percorso di iniziazione, in cui i miei protagonisti devono affrontare pericoli e misteri che temprano il loro carattere. Non sono eroi PRONTI, ma devono diventarlo per poter essere assolutamente certi di chi sono e di quale \u00e8 il loro posto nel mondo. Senza questa evoluzione, sono destinati a fallire nello scontro finale contro il malvagio di cui tratta la terza parte. Per\u00f2, una volta che gli eredi hanno superato i loro conflitti e le loro incertezze, resta solo l&#8217;azione vera e propria, determinazione e dedizione pure, libere dai tormenti e dai dubbi. \u00c8 per questo che la terza parte \u00e8 molto pi\u00f9 breve rispetto alle altre, \u00e8 la resa dei conti e ho voluto che a questo punto fossero soltanto le gesta dei protagonisti a raccontare la storia, lasciando sfumare la loro emotivit\u00e0 a cui invece ho dedicato spazio pi\u00f9 ampio nelle prime due.<\/p>\n\n\n\n<p class=\"wp-block-paragraph\"><strong>Dimmi che autore preferisci o, se ne hai pi\u00f9 di uno, fammi la classifica dei tuoi preferiti.<\/strong><\/p>\n\n\n\n<p class=\"wp-block-paragraph\">Il mio autore preferito \u00e8 indubbiamente S. King, penso che sia un vulcano di idee con la dote innata di saperle raccontare, rendendo plausibili storie di fantasia e risvegliando nei lettori paure e sentimenti che ognuno di noi cova nel proprio intimo. Sono una lettrice di suspense perlopi\u00f9, tra i miei giallisti preferiti c&#8217;\u00e8 sicuramente Harlan Coben e l&#8217;indimenticabile Agata Christie, capace di indiscussa eleganza e di intrecci sopraffini. Nel genere fantasy, non posso non menzionare Anne Rice, la saga delle streghe Mayfair \u00e8 assolutamente irrinunciabile.<\/p>\n\n\n\n<p class=\"wp-block-paragraph\"><strong>Il tuo romanzo ideale? Corto o lunghissimo?<\/strong><\/p>\n\n\n\n<p class=\"wp-block-paragraph\">Il mio romanzo ideale \u00e8 voluminoso e con molti sequel, quando una storia mi colpisce mi viene un desiderio morboso di saperne di pi\u00f9, di scoprire nuovi dettagli sui personaggi e come si comportano in nuove avversit\u00e0. La saga della Torre Nera di S. King, sette volumi e qualche migliaio di pagine in totale, \u00e8 il massimo per me.<\/p>\n\n\n\n<p class=\"wp-block-paragraph\"><strong>Pensi che chi scrive fantasy possa essere considerato da chi scrive altri generi qualcosa di meno degli altri? Mi pare, infatti, ci sia un po&#8217; di snobismo in tal senso. Tu che ne pensi?<\/strong><\/p>\n\n\n\n<p class=\"wp-block-paragraph\">\u00c8 vero, nel nostro paese c&#8217;\u00e8 un po&#8217; di snobismo riguardo al fantasy, ma penso che sia dovuto al fatto che \u00e8 un genere ancora poco diffuso. Fortunatamente, mi sembra che le cose stiano cambiando e che ci siano sempre pi\u00f9 appassionati e non solo tra i giovanissimi. Il fantasy \u00e8 un mondo in sviluppo e, grazie ad autori acclamati dalla critica e dal cinema, gli amanti della lettura si stanno rendendo conto che non c&#8217;\u00e8 solo Il Signore degli Anelli, ma il panorama \u00e8 vasto e variegato. Mi sembra incredibile che possa essere considerato di serie B., se mi passi l&#8217;espressione, sia dai lettori che da altri autori, proprio per la possibilit\u00e0 che questo genere concede allo scrittore di trovare il suo modo di esprimersi o di esprimere il suo messaggio. Ad ogni modo, scrivere fantasy non significa affatto procedere a briglia sciolta tanto tutto \u00e8 permesso, la trama deve stare in piedi, ma anche se cos\u00ec fosse, creare dal nulla qualcosa di nuovo e originale \u00e8 tutt&#8217;altro che scontato. Secondo me, la creativit\u00e0 va apprezzata senza doverle per forza affibbiare qualche etichetta, perch\u00e9 sono troppo spesso fuorvianti e il loro unico risultato \u00e8 quello di chiuderci la mente e restringere i nostri orizzonti.<\/p>\n\n\n\n<p class=\"wp-block-paragraph\"><strong>Il tuo romanzo preferito? O, anche qui, una breve classifica?<\/strong><\/p>\n\n\n\n<p class=\"wp-block-paragraph\">Dopo le saghe della Torre Nera e delle streghe Mayfair, ho amato un grande classico come L\u2019Insostenibile Leggerezza dell&#8217;Essere, di Il Natale di Poirot che \u00e8 il primo libro che ho comprato e i quattro volumi di Twilight che ho letto sia in italiano che in inglese.<\/p>\n\n\n\n<p class=\"wp-block-paragraph\"><strong>Ti rivedi nei tuoi personaggi? In chi in particolare, Siobhan forse?<\/strong><\/p>\n\n\n\n<p class=\"wp-block-paragraph\">Indubbiamente, mi rivedo nei miei personaggi. Siobhan \u00e8 una specie di mio alter ego fantasiosamente romanzato, ma anche Adrian, Rowan, Ian e Selwyn rappresentano una parte di me. Adrian, il guerriero tormentato dall&#8217;eredit\u00e0 pi\u00f9 difficile, ha quella parte di me che si mette in discussione, che si interroga costantemente su ci\u00f2 che \u00e8 giusto o sbagliato. Come Siobhan, \u00e8 un guerriero che deve imparare come combattere e quali siano le sue battaglie, ma che non manca alla resa dei conti e questo sicuramente dice molto di me. Ian \u00e8 il mio lato amichevole, quello pronto al sorriso e a cui piace sdrammatizzare, smorzare i toni cercando di non prendersi sempre troppo sul serio. Rowan \u00e8 la mia parte sensibile, spesso troppo e destinata a pagare caro ogni momento piacevole, ma che sa anche trarre forza e determinazione dalle emozioni. O meglio, Rowan ci riesce e io spero di riuscirci nei momenti di bisogno. Selwyn non fa eccezione: il gemello della mia protagonista non pu\u00f2 che rappresentarmi, a modo suo. La sua vera grande dote \u00e8 apparire diverso da quello che \u00e8, non necessariamente buono o cattivo, ma semplicemente celato o trincerato dietro un&#8217;apparenza di algida compostezza. Non so dirti come, ma il mio aspetto comunica questo, tanto che chi non mi conosce bene non si capacita di come io possa essere una sana sfegatata dei Linkin\u2019Park, giusto per fare un esempio. Selwyn \u00e8 anche colui che sa mantenere la calma in vista di un obiettivo e che, per contro, sfoga la sua emotivit\u00e0 in repentini e violenti eccessi che prendono in contropiede gli altri personaggi.<\/p>\n\n\n\n<p class=\"wp-block-paragraph\"><strong>Quale dei tuoi personaggi hai dipinto con maggiore cura e attenzione?<\/strong><\/p>\n\n\n\n<p class=\"wp-block-paragraph\">Mi sono dedicata particolarmente a Siobhan, perch\u00e9 questa \u00e8 la sua storia e lei racconta ci\u00f2 che le accade in prima persona e in tempo presente. La maggior parte delle scene sono vissute attraverso di lei, i paesaggi sono visti attraverso i suoi occhi, pensieri ed emozioni scorrono direttamente dal suo modo di essere e sentire. Protagonista indiscussa, mi piace credere che alla fine del romanzo il lettore abbia chiaro che tipo sia, cos\u00ec come spero che anche gli eredi, Selwyn e Arjuna -i miei personaggi cardine-risultino ben caratterizzati.<\/p>\n\n\n\n<p class=\"wp-block-paragraph\"><strong>Hai altro in cantiere? Ci dai qualche scoop?<\/strong><\/p>\n\n\n\n<p class=\"wp-block-paragraph\">Al momento sono alle prese con il secondo capitolo della saga di Oltremondo. Sequel di <em>Petali di Rosa e Fili di Ragnatela<\/em>, riprende esattamente dalla fine e porta avanti le tematiche irrisolte che il primo romanzo lascia in sospeso. Questa volta la sfida di fondo non sar\u00e0 pi\u00f9 la scoperta di se stessi e del proprio mistero, ma il confronto tra ci\u00f2 che gli eredi hanno appreso e le prove che sono chiamati ad affrontare per salvare le dimensioni e liberarle definitivamente dallo spettro del male.<\/p>\n","protected":false},"excerpt":{"rendered":"<p>Quattro chiacchiere con l&#8217;autrice di OLTREMONDO, Petali di rosa e fili di ragnatela<\/p>\n","protected":false},"author":1,"featured_media":11532,"comment_status":"open","ping_status":"closed","sticky":false,"template":"","format":"standard","meta":{"_crdt_document":"","footnotes":""},"categories":[4],"tags":[19],"class_list":["post-4434","post","type-post","status-publish","format-standard","has-post-thumbnail","hentry","category-libri","tag-intervista","latest_post"],"_links":{"self":[{"href":"https:\/\/www.warlandia.it\/magazine\/wp-json\/wp\/v2\/posts\/4434","targetHints":{"allow":["GET"]}}],"collection":[{"href":"https:\/\/www.warlandia.it\/magazine\/wp-json\/wp\/v2\/posts"}],"about":[{"href":"https:\/\/www.warlandia.it\/magazine\/wp-json\/wp\/v2\/types\/post"}],"author":[{"embeddable":true,"href":"https:\/\/www.warlandia.it\/magazine\/wp-json\/wp\/v2\/users\/1"}],"replies":[{"embeddable":true,"href":"https:\/\/www.warlandia.it\/magazine\/wp-json\/wp\/v2\/comments?post=4434"}],"version-history":[{"count":2,"href":"https:\/\/www.warlandia.it\/magazine\/wp-json\/wp\/v2\/posts\/4434\/revisions"}],"predecessor-version":[{"id":11531,"href":"https:\/\/www.warlandia.it\/magazine\/wp-json\/wp\/v2\/posts\/4434\/revisions\/11531"}],"wp:featuredmedia":[{"embeddable":true,"href":"https:\/\/www.warlandia.it\/magazine\/wp-json\/wp\/v2\/media\/11532"}],"wp:attachment":[{"href":"https:\/\/www.warlandia.it\/magazine\/wp-json\/wp\/v2\/media?parent=4434"}],"wp:term":[{"taxonomy":"category","embeddable":true,"href":"https:\/\/www.warlandia.it\/magazine\/wp-json\/wp\/v2\/categories?post=4434"},{"taxonomy":"post_tag","embeddable":true,"href":"https:\/\/www.warlandia.it\/magazine\/wp-json\/wp\/v2\/tags?post=4434"}],"curies":[{"name":"wp","href":"https:\/\/api.w.org\/{rel}","templated":true}]}}