{"id":4345,"date":"2011-07-29T00:10:15","date_gmt":"2011-07-29T00:10:15","guid":{"rendered":"http:\/\/www.warlandia.it\/blog\/?p=4345"},"modified":"2019-11-04T11:52:10","modified_gmt":"2019-11-04T10:52:10","slug":"io-mi-chiamo-yorsh-io-mi-chiamo-gilad","status":"publish","type":"post","link":"https:\/\/www.warlandia.it\/magazine\/2011\/07\/29\/io-mi-chiamo-yorsh-io-mi-chiamo-gilad\/","title":{"rendered":"Io mi chiamo Yorsh, io mi chiamo Gilad"},"content":{"rendered":"\n<p class=\"wp-block-paragraph\"><strong>Prequel a Ultimo Elfo<\/strong><\/p>\n\n\n\n<p class=\"wp-block-paragraph\">Da anni seguiamo l&#8217;azione sociale ed editoriale della nostra amata <a href=\"https:\/\/www.warlandia.it\/magazine\/2011\/02\/23\/fantasy-sempre-piu-al-femminile\/\">Silvana De Mari<\/a>. Ci piace sottolineare che persona \u00e8 questa donna che si batte da anni come medico in prima linea per persone che hanno vite impossibili.<\/p>\n\n\n\n<div class=\"wp-block-image\"><figure class=\"aligncenter size-large\"><img loading=\"lazy\" decoding=\"async\" width=\"610\" height=\"320\" src=\"https:\/\/www.warlandia.it\/magazine\/wp-content\/uploads\/2011\/10\/mi-chiamo-yorsh.jpg\" alt=\"\" class=\"wp-image-11417\" srcset=\"https:\/\/www.warlandia.it\/magazine\/wp-content\/uploads\/2011\/10\/mi-chiamo-yorsh.jpg 610w, https:\/\/www.warlandia.it\/magazine\/wp-content\/uploads\/2011\/10\/mi-chiamo-yorsh-300x157.jpg 300w\" sizes=\"auto, (max-width: 610px) 100vw, 610px\" \/><figcaption>Io mi chiamo Yorsh di Silvana De Mari insieme ad altri suoi romanzi<\/figcaption><\/figure><\/div>\n\n\n\n<p class=\"wp-block-paragraph\">Sul suo blog la De Mari ha annunciato la pubblicazione di un <strong>PREQUEL <\/strong>a uno dei suoi romanzi pi\u00f9 famosi dal titolo L&#8217;ultimo elfo.<\/p>\n\n\n\n<p class=\"wp-block-paragraph\">Abbiamo voluto dare spazio alle parole dell&#8217;autrice che apprezziamo da sempre. Per quanto si possa condividere o meno l&#8217;idea \u00e8 mia intenzione informare il pubblico.<\/p>\n\n\n\n<p class=\"wp-block-paragraph\"><strong>TRATTO DAL BLOG DI SILVANA DE MARI<\/strong><\/p>\n\n\n\n<p class=\"wp-block-paragraph\"><em>Io mi chiamo Yorsh. Io mi chiamo Gilad \u00e8 un libro in due parti.<br>La saga degli Ultimi comincia con Yorsh bambino, unico sopravvissuto alla sua gente sterminata, disperso in una terra annegata nel fango delle inondazioni e in quello ben pi\u00f9 terribile del genocidio. Yorsh \u00e8 il bambino scampato dalla masseria armena, \u00e8 il bambino dal ghetto rimasto vivo dopo il passaggio delle squadre della morte. Nel mausoleo della memoria di Yad Vascem c&#8217;\u00e8 una stanza immersa nel buio illuminata dalle foto dei bambini sterminati. Di loro non \u00e8 rimasto nulla salvo, e neanche sempre, il nome e una foto. Una voce ininterrotta scandisce i loro nomi.<br>La prima parte del libro Io mi chiamo Yorsh \u00e8 il prequel de L&#8217;ultimo elfo ci far\u00e0 ascoltare tre voci. Racconter\u00e0 la storia della nascita di Yorsh, il protagonista de l&#8217;Ultimo Elfo: due delle voci che udiremo sono quelle dei suoi genitori, e quindi sar\u00e0 la dolcissima e tremenda storia dell&#8217;incontro di un uomo e una donna, che avviene durante un genocidio, mentre il loro popolo, quello degli Elfi, viene deportato e sterminato.<br>La terza voce, quella che ascoltiamo per prima, la voce di uno dei distruttori. Quelle dei distruttori sono voci che noi non abbiamo ascoltato.<br>Che cosa pu\u00f2 spingere un uomo a godere della distruzione di un popolo?<\/em><\/p>\n\n\n\n<p class=\"wp-block-paragraph\">La seconda parte del libro, io mi chiamo Gilad, \u00e8 dedicata al caporale israeliano Gilad Shalit.<\/p>\n\n\n\n<p class=\"wp-block-paragraph\">continua sul blog:<\/p>\n\n\n\n<blockquote class=\"wp-block-quote is-layout-flow wp-block-quote-is-layout-flow\"><p><em>http:\/\/silvanademari.splinder.com\/post\/24657632\/io-mi-chiamo-yorsh-io-mi-chiamo-gilad<\/em><\/p><\/blockquote>\n","protected":false},"excerpt":{"rendered":"<p>Io mi chiamo Yorsh. Io mi chiamo Gilad \u00e8 un libro in due parti.<br \/>\nLa saga degli Ultimi comincia con Yorsh bambino, unico sopravvissuto alla sua gente sterminata, disperso in una terra annegata nel fango delle inondazioni e in quello ben pi\u00f9 terribile del genocidio. Yorsh \u00e8 il bambino scampato dalla masseria armena, \u00e8 il bambino dal ghetto rimasto vivo dopo il passaggio delle squadre della morte<\/p>\n","protected":false},"author":1,"featured_media":11415,"comment_status":"open","ping_status":"closed","sticky":false,"template":"","format":"standard","meta":{"_crdt_document":"","footnotes":""},"categories":[4],"tags":[41,6,15],"class_list":["post-4345","post","type-post","status-publish","format-standard","has-post-thumbnail","hentry","category-libri","tag-elfo","tag-fantasy","tag-romanzo","latest_post"],"_links":{"self":[{"href":"https:\/\/www.warlandia.it\/magazine\/wp-json\/wp\/v2\/posts\/4345","targetHints":{"allow":["GET"]}}],"collection":[{"href":"https:\/\/www.warlandia.it\/magazine\/wp-json\/wp\/v2\/posts"}],"about":[{"href":"https:\/\/www.warlandia.it\/magazine\/wp-json\/wp\/v2\/types\/post"}],"author":[{"embeddable":true,"href":"https:\/\/www.warlandia.it\/magazine\/wp-json\/wp\/v2\/users\/1"}],"replies":[{"embeddable":true,"href":"https:\/\/www.warlandia.it\/magazine\/wp-json\/wp\/v2\/comments?post=4345"}],"version-history":[{"count":4,"href":"https:\/\/www.warlandia.it\/magazine\/wp-json\/wp\/v2\/posts\/4345\/revisions"}],"predecessor-version":[{"id":11583,"href":"https:\/\/www.warlandia.it\/magazine\/wp-json\/wp\/v2\/posts\/4345\/revisions\/11583"}],"wp:featuredmedia":[{"embeddable":true,"href":"https:\/\/www.warlandia.it\/magazine\/wp-json\/wp\/v2\/media\/11415"}],"wp:attachment":[{"href":"https:\/\/www.warlandia.it\/magazine\/wp-json\/wp\/v2\/media?parent=4345"}],"wp:term":[{"taxonomy":"category","embeddable":true,"href":"https:\/\/www.warlandia.it\/magazine\/wp-json\/wp\/v2\/categories?post=4345"},{"taxonomy":"post_tag","embeddable":true,"href":"https:\/\/www.warlandia.it\/magazine\/wp-json\/wp\/v2\/tags?post=4345"}],"curies":[{"name":"wp","href":"https:\/\/api.w.org\/{rel}","templated":true}]}}