{"id":3817,"date":"2011-04-12T00:10:31","date_gmt":"2011-04-12T00:10:31","guid":{"rendered":"http:\/\/www.warlandia.it\/blog\/?p=3817"},"modified":"2019-11-07T12:22:50","modified_gmt":"2019-11-07T11:22:50","slug":"le-guerre-del-mondo-emerso-rekla","status":"publish","type":"post","link":"https:\/\/www.warlandia.it\/magazine\/2011\/04\/12\/le-guerre-del-mondo-emerso-rekla\/","title":{"rendered":"Le Guerre del mondo Emerso &#8211; Rekla"},"content":{"rendered":"\n<p class=\"wp-block-paragraph\"><strong>La guardia dei veleni <\/strong><\/p>\n\n\n\n<p class=\"wp-block-paragraph\"><em>Nel secondo volume della trilogia Le Guerre del Mondo Emerso si delineano in modo pi\u00f9 netto i tratti del personaggio della Guardia dei Veleni, Rekla.<\/em><\/p>\n\n\n\n<div class=\"wp-block-image\"><figure class=\"aligncenter size-large\"><img loading=\"lazy\" decoding=\"async\" width=\"610\" height=\"320\" src=\"https:\/\/www.warlandia.it\/magazine\/wp-content\/uploads\/2011\/04\/mondo-emerso-rekla.jpg\" alt=\"\" class=\"wp-image-11811\" srcset=\"https:\/\/www.warlandia.it\/magazine\/wp-content\/uploads\/2011\/04\/mondo-emerso-rekla.jpg 610w, https:\/\/www.warlandia.it\/magazine\/wp-content\/uploads\/2011\/04\/mondo-emerso-rekla-300x157.jpg 300w\" sizes=\"auto, (max-width: 610px) 100vw, 610px\" \/><figcaption>Guerre del mondo emerso &#8211; REKLA<\/figcaption><\/figure><\/div>\n\n\n\n<p class=\"wp-block-paragraph\">L&#8217;abbiamo gi\u00e0 incontrata nel primo libro della trilogia quando Dubhe entra a far parte della Gilda degli Assassini. Lei \u00e8 una delle Guardie di pi\u00f9 alto livello ed \u00e8 quella che la prender\u00e0 in affidamento dallo stesso Yeshol, capo della Setta.<\/p>\n\n\n\n<p class=\"wp-block-paragraph\">Il ruolo di Rekla \u00e8 quello di Guardia dei Veleni, cio\u00e8 la massima autorit\u00e0 all&#8217;interno della Gilda in merito all&#8217;uso di veleni nell&#8217;arte dell&#8217;assassinio e nella cura dei mali causati da ogni tipo di veleno.<\/p>\n\n\n\n<p class=\"wp-block-paragraph\">Rekla sembra essere la pi\u00f9 fanatica in assoluto degli Assassini: completamente devota al dio Thenaar, il dio nero. La sua forza e agilit\u00e0 non hanno eguali, la sua devozione a Yeshol e al loro dio \u00e8 impareggiabile. Rekla \u00e8 colei che dispensa a Dubhe l&#8217;antidoto contro i sintomi del Sigillo impostole sul braccio che risveglia in lei la bestia incontrollabile.<\/p>\n\n\n\n<p class=\"wp-block-paragraph\">La storia personale di Rekla \u00e8 terribile e, come per suo ogni personaggio di rilievo, Licia Troisi sente il dovere di spiegare il perch\u00e9 di tanto odio in una donna apparentemente senza alcun sentimento positivo.<\/p>\n\n\n\n<p class=\"wp-block-paragraph\">La Guardia dei Veleni sar\u00e0 l&#8217;alter Dubhe per tutto il secondo romanzo della trilogia. Guerre del Mondo Emerso, Le due Guerriere \u00e8 un romanzo davvero unico in cui sar\u00e0 svelata la figura di questa affascinante, bella e terribile donna senza et\u00e0 insieme ai suoi segreti di eterna giovinezza e devozione al dio nero.<\/p>\n","protected":false},"excerpt":{"rendered":"<p>Nel secondo volume della trilogia Le Guerre del Mondo Emerso si delineano in modo pi\u00f9 netto i tratti del personaggio della Guardia dei Veleni, Rekla.<\/p>\n","protected":false},"author":1,"featured_media":10088,"comment_status":"open","ping_status":"closed","sticky":false,"template":"","format":"standard","meta":{"_crdt_document":"","footnotes":""},"categories":[4],"tags":[5],"class_list":["post-3817","post","type-post","status-publish","format-standard","has-post-thumbnail","hentry","category-libri","tag-licia-troisi","latest_post"],"_links":{"self":[{"href":"https:\/\/www.warlandia.it\/magazine\/wp-json\/wp\/v2\/posts\/3817","targetHints":{"allow":["GET"]}}],"collection":[{"href":"https:\/\/www.warlandia.it\/magazine\/wp-json\/wp\/v2\/posts"}],"about":[{"href":"https:\/\/www.warlandia.it\/magazine\/wp-json\/wp\/v2\/types\/post"}],"author":[{"embeddable":true,"href":"https:\/\/www.warlandia.it\/magazine\/wp-json\/wp\/v2\/users\/1"}],"replies":[{"embeddable":true,"href":"https:\/\/www.warlandia.it\/magazine\/wp-json\/wp\/v2\/comments?post=3817"}],"version-history":[{"count":2,"href":"https:\/\/www.warlandia.it\/magazine\/wp-json\/wp\/v2\/posts\/3817\/revisions"}],"predecessor-version":[{"id":11812,"href":"https:\/\/www.warlandia.it\/magazine\/wp-json\/wp\/v2\/posts\/3817\/revisions\/11812"}],"wp:featuredmedia":[{"embeddable":true,"href":"https:\/\/www.warlandia.it\/magazine\/wp-json\/wp\/v2\/media\/10088"}],"wp:attachment":[{"href":"https:\/\/www.warlandia.it\/magazine\/wp-json\/wp\/v2\/media?parent=3817"}],"wp:term":[{"taxonomy":"category","embeddable":true,"href":"https:\/\/www.warlandia.it\/magazine\/wp-json\/wp\/v2\/categories?post=3817"},{"taxonomy":"post_tag","embeddable":true,"href":"https:\/\/www.warlandia.it\/magazine\/wp-json\/wp\/v2\/tags?post=3817"}],"curies":[{"name":"wp","href":"https:\/\/api.w.org\/{rel}","templated":true}]}}