{"id":15198,"date":"2025-05-07T00:10:00","date_gmt":"2025-05-06T22:10:00","guid":{"rendered":"https:\/\/www.warlandia.it\/magazine\/?p=15198"},"modified":"2025-04-23T10:27:47","modified_gmt":"2025-04-23T08:27:47","slug":"lultima-predica-i-personaggi","status":"publish","type":"post","link":"https:\/\/www.warlandia.it\/magazine\/2025\/05\/07\/lultima-predica-i-personaggi\/","title":{"rendered":"L\u2019ultima predica: i personaggi"},"content":{"rendered":"\n<p class=\"wp-block-paragraph\"><strong><em>Blogtour \u201cL\u2019ultima predica<\/em>\u201d<\/strong><\/p>\n\n\n\n<p class=\"wp-block-paragraph\"><strong>Seconda tappa: I personaggi del romanzo<\/strong><\/p>\n\n\n\n<p class=\"wp-block-paragraph\">Prosegue il BLOGTOUR organizzato da <a href=\"https:\/\/www.npsedizioni.it\/\" target=\"_blank\" rel=\"noreferrer noopener\">NPS EDIZIONI<\/a> per parlare del libro <strong>L&#8217;ultima predica<\/strong> di Alessia Francone. <\/p>\n\n\n\n<p class=\"wp-block-paragraph\">Su Warlandia.it vediamo chi sono i personaggi principali del romanzo L&#8217;ultima Predica.<\/p>\n\n\n<div class=\"wp-block-image\">\n<figure class=\"aligncenter size-large\"><img loading=\"lazy\" decoding=\"async\" width=\"1024\" height=\"576\" src=\"https:\/\/www.warlandia.it\/magazine\/wp-content\/uploads\/2025\/05\/Banner-blogtur-Lultima-predica-1024x576.png\" alt=\"\" class=\"wp-image-15202\" srcset=\"https:\/\/www.warlandia.it\/magazine\/wp-content\/uploads\/2025\/05\/Banner-blogtur-Lultima-predica-1024x576.png 1024w, https:\/\/www.warlandia.it\/magazine\/wp-content\/uploads\/2025\/05\/Banner-blogtur-Lultima-predica-300x169.png 300w, https:\/\/www.warlandia.it\/magazine\/wp-content\/uploads\/2025\/05\/Banner-blogtur-Lultima-predica-768x432.png 768w, https:\/\/www.warlandia.it\/magazine\/wp-content\/uploads\/2025\/05\/Banner-blogtur-Lultima-predica-1536x864.png 1536w, https:\/\/www.warlandia.it\/magazine\/wp-content\/uploads\/2025\/05\/Banner-blogtur-Lultima-predica.png 1920w\" sizes=\"auto, (max-width: 1024px) 100vw, 1024px\" \/><\/figure>\n<\/div>\n\n\n<p class=\"wp-block-paragraph\"><strong>Raniero da Albinea<\/strong><\/p>\n\n\n\n<p class=\"wp-block-paragraph\">Giudice al seguito del podest\u00e0 Ermanno da Reggio, amministra la giustizia nel Comune medievale di Monteviverna. Giurista colto e scrupoloso, ha studiato diritto a Bologna, una delle maggiori universit\u00e0 del tempo. \u00c8 un uomo benevolo, misurato, ma anche fermo e autorevole ove ci\u00f2 si renda necessario: il suo scopo \u00e8 quello di servire la Giustizia con onest\u00e0, indipendenza e buon senso. Credente ma non fanatico, moderato nelle sue opinioni politiche, \u00e8 dotato di equilibrio, acume e comprensione dell\u2019animo umano. Uomo di riflessione e di studio pi\u00f9 che di azione, si circonda volentieri di libri e pergamene, ma sa apprezzare anche un buon piatto di cinghiale accompagnato da un calice di vino.<\/p>\n\n\n\n<p class=\"wp-block-paragraph\"><strong>Arrigo Buonforte<\/strong><\/p>\n\n\n\n<p class=\"wp-block-paragraph\">Cavaliere del podest\u00e0 e migliore amico di Raniero. Cavaliere gagliardo e prestante, capelli biondi e occhi cerulei ereditati dall\u2019ascendenza materna di origine normanna, ha un innegabile successo con le donne. Scanzonato, ironico, simpatico e leale, \u00e8 la &#8220;spalla investigativa&#8221; di Raniero, a cui \u00e8 legato da una forte e sincera amicizia.<\/p>\n\n\n\n<p class=\"wp-block-paragraph\"><strong>Frate Rinaldo da Firenze<\/strong><\/p>\n\n\n\n<p class=\"wp-block-paragraph\">\u00c8 un religioso dell\u2019Ordine dei Frati Predicatori (domenicani). Possiamo immaginarcelo con il caratteristico abito dell\u2019Ordine, tunica bianca e cappa nera con cappuccio. Appare severo, cupo, introverso: c\u2019\u00e8 chi lo ammira per la sua vita rigorosa e quasi ascetica, ma la sua inflessibilit\u00e0 ispira anche soggezione e disagio. Eccellente predicatore e teologo, gode di una certa fama e attira pubblici numerosi ai suoi sermoni. Viaggia accompagnato dal suo segretario, frate Nicola dei Gherardi.<\/p>\n\n\n\n<p class=\"wp-block-paragraph\"><strong>Oddone e Ubaldino dal Pozzo<\/strong><\/p>\n\n\n\n<p class=\"wp-block-paragraph\">Oddone \u00e8 un vecchio nobile ghibellino, ma \u00e8 soprattutto un padre che non comprende e non condivide le scelte di suo figlio Ubaldino, un giovane indeciso e pieno di dubbi in merito alle proprie vere aspirazioni.<\/p>\n\n\n<div class=\"wp-block-image\">\n<figure class=\"aligncenter size-full\"><img loading=\"lazy\" decoding=\"async\" width=\"940\" height=\"1012\" src=\"https:\/\/www.warlandia.it\/magazine\/wp-content\/uploads\/2025\/04\/Giustizia_Buongoverno_Lorenzetti_tappa02_foto_da_Wikicommons.jpg\" alt=\"\" class=\"wp-image-15200\" srcset=\"https:\/\/www.warlandia.it\/magazine\/wp-content\/uploads\/2025\/04\/Giustizia_Buongoverno_Lorenzetti_tappa02_foto_da_Wikicommons.jpg 940w, https:\/\/www.warlandia.it\/magazine\/wp-content\/uploads\/2025\/04\/Giustizia_Buongoverno_Lorenzetti_tappa02_foto_da_Wikicommons-279x300.jpg 279w, https:\/\/www.warlandia.it\/magazine\/wp-content\/uploads\/2025\/04\/Giustizia_Buongoverno_Lorenzetti_tappa02_foto_da_Wikicommons-768x827.jpg 768w\" sizes=\"auto, (max-width: 940px) 100vw, 940px\" \/><\/figure>\n<\/div>\n\n\n<p class=\"wp-block-paragraph\"><strong>Alberto dei Corradini<\/strong><\/p>\n\n\n\n<p class=\"wp-block-paragraph\">Nobile di famiglia ghibellina, ricchissimo e potente, sfoggia abitualmente abiti preziosi e risiede in un palazzo signorile; sicuro di s\u00e9, esprime potere anche con un solo sguardo. \u00c8 molto orgoglioso della figlia Savia, bella e determinata. \u00c8 un nemico giurato di Ruggero della Rocca, il capo della parte guelfa.<\/p>\n\n\n\n<p class=\"wp-block-paragraph\"><strong>Goffredo Spadoni<\/strong><\/p>\n\n\n\n<p class=\"wp-block-paragraph\">Goffredo \u00e8 il classico magnate aristocratico: magnanimo e arrogante, audace e violento, liberale e cortese ma anche iracondo e superbo, insofferente alle leggi e alle regole che non siano le proprie, ma anche amante della cultura e delle cose belle, fedele agli Hohenstaufen e nostalgico di Federico II, di cui ha visitato la corte siciliana, aperta e cosmopolita.<\/p>\n\n\n\n<p class=\"wp-block-paragraph\">In bocca al lupo all&#8217;autrice per il suo romanzo!<\/p>\n","protected":false},"excerpt":{"rendered":"<p>L&#8217;ultima predica BLOGTOUR&#8230;oggi &#8230;i personaggi su Warlandia.it <\/p>\n","protected":false},"author":1,"featured_media":15199,"comment_status":"closed","ping_status":"open","sticky":false,"template":"","format":"standard","meta":{"_crdt_document":"","footnotes":""},"categories":[4],"tags":[15,20],"class_list":["post-15198","post","type-post","status-publish","format-standard","has-post-thumbnail","hentry","category-libri","tag-romanzo","tag-scrittura","latest_post"],"_links":{"self":[{"href":"https:\/\/www.warlandia.it\/magazine\/wp-json\/wp\/v2\/posts\/15198","targetHints":{"allow":["GET"]}}],"collection":[{"href":"https:\/\/www.warlandia.it\/magazine\/wp-json\/wp\/v2\/posts"}],"about":[{"href":"https:\/\/www.warlandia.it\/magazine\/wp-json\/wp\/v2\/types\/post"}],"author":[{"embeddable":true,"href":"https:\/\/www.warlandia.it\/magazine\/wp-json\/wp\/v2\/users\/1"}],"replies":[{"embeddable":true,"href":"https:\/\/www.warlandia.it\/magazine\/wp-json\/wp\/v2\/comments?post=15198"}],"version-history":[{"count":4,"href":"https:\/\/www.warlandia.it\/magazine\/wp-json\/wp\/v2\/posts\/15198\/revisions"}],"predecessor-version":[{"id":15207,"href":"https:\/\/www.warlandia.it\/magazine\/wp-json\/wp\/v2\/posts\/15198\/revisions\/15207"}],"wp:featuredmedia":[{"embeddable":true,"href":"https:\/\/www.warlandia.it\/magazine\/wp-json\/wp\/v2\/media\/15199"}],"wp:attachment":[{"href":"https:\/\/www.warlandia.it\/magazine\/wp-json\/wp\/v2\/media?parent=15198"}],"wp:term":[{"taxonomy":"category","embeddable":true,"href":"https:\/\/www.warlandia.it\/magazine\/wp-json\/wp\/v2\/categories?post=15198"},{"taxonomy":"post_tag","embeddable":true,"href":"https:\/\/www.warlandia.it\/magazine\/wp-json\/wp\/v2\/tags?post=15198"}],"curies":[{"name":"wp","href":"https:\/\/api.w.org\/{rel}","templated":true}]}}