{"id":14800,"date":"2023-07-07T00:01:00","date_gmt":"2023-07-06T22:01:00","guid":{"rendered":"https:\/\/www.warlandia.it\/magazine\/?p=14800"},"modified":"2023-06-22T11:30:02","modified_gmt":"2023-06-22T09:30:02","slug":"i-doni-dellabisso-blogtour","status":"publish","type":"post","link":"https:\/\/www.warlandia.it\/magazine\/2023\/07\/07\/i-doni-dellabisso-blogtour\/","title":{"rendered":"I doni dell&#8217;abisso &#8211; BLOGTOUR"},"content":{"rendered":"\n<p class=\"wp-block-paragraph\">E siamo arrivati alla sesta tappa del BLOGTOUR dedicato al bravissimo Giuseppe Gallato con il suo:<\/p>\n\n\n\n<p class=\"wp-block-paragraph\"><strong>I DONI DELL&#8217;ABISSO<\/strong><\/p>\n\n\n<div class=\"wp-block-image\">\n<figure class=\"aligncenter size-full\"><img loading=\"lazy\" decoding=\"async\" width=\"960\" height=\"540\" src=\"https:\/\/www.warlandia.it\/magazine\/wp-content\/uploads\/2023\/06\/doni-abisso-blogrtour.jpg\" alt=\"I doni dell'abisso di Giuseppe Gallato BLOGTOUR\" class=\"wp-image-14801\" srcset=\"https:\/\/www.warlandia.it\/magazine\/wp-content\/uploads\/2023\/06\/doni-abisso-blogrtour.jpg 960w, https:\/\/www.warlandia.it\/magazine\/wp-content\/uploads\/2023\/06\/doni-abisso-blogrtour-300x169.jpg 300w, https:\/\/www.warlandia.it\/magazine\/wp-content\/uploads\/2023\/06\/doni-abisso-blogrtour-768x432.jpg 768w\" sizes=\"auto, (max-width: 960px) 100vw, 960px\" \/><figcaption class=\"wp-element-caption\">I doni dell&#8217;abisso di Giuseppe Gallato BLOGTOUR<\/figcaption><\/figure>\n<\/div>\n\n\n<p class=\"wp-block-paragraph\">Oggi tocca a noi di Warlandia.it parlarvi del DOMINO. <\/p>\n\n\n\n<p class=\"wp-block-paragraph\">Settimo racconto \u2013 <a href=\"https:\/\/www.warlandia.it\/magazine\/2021\/12\/14\/streghe-di-italia-lanatema-della-dragunara-e-la-vecchia-del-pozzo\/\" data-type=\"post\" data-id=\"14089\">L\u2019anatema della Dragunara<\/a> di cui abbiamo gi\u00e0 parlato in passato!<\/p>\n\n\n\n<ol class=\"wp-block-list\" type=\"1\">\n<li><strong>Breve trama del racconto. Riassumilo in poche parole, regalandoci tre aggettivi per descriverlo.<\/strong><\/li>\n<\/ol>\n\n\n\n<p class=\"wp-block-paragraph\">La storia \u00e8 divisa in quattro parti ed \u00e8 ambientata in quattro paesi della Sicilia: Acireale, Bisacquino, Barrafranca e Patern\u00f2. Siamo nel periodo di Carnevale, i festeggiamenti sono finiti da poco, e qualcuno \u2013 o qualcosa \u2013 far\u00e0 la sua apparizione per spezzare le vite dei nostri personaggi. Un\u2019ombra che, silente come la notte, sembra quasi apparire dal nulla per vendicarsi del male subito in passato. Riusciranno i nostri protagonisti a sfuggire alla sentenza di morte? Riusciranno a salvarsi o a redimersi?<\/p>\n\n\n\n<p class=\"wp-block-paragraph\"><strong>Parole chiave:<\/strong> Ombra, Vendetta, Risveglio<\/p>\n\n\n\n<ul class=\"wp-block-list\">\n<li><strong>Quali leggende e creature fantastiche conosceremo?<\/strong><\/li>\n<\/ul>\n\n\n\n<p class=\"wp-block-paragraph\">La storia \u00e8 incentrata sulla figura Carnevalesca del Domino, una veste consistente in un lungo mantello o in una tunica con cappuccio, simile alle cappe di alcuni ordini religiosi, ma con maniche e maschera per il viso. <\/p>\n\n\n<div class=\"wp-block-image\">\n<figure class=\"aligncenter size-full\"><img loading=\"lazy\" decoding=\"async\" width=\"500\" height=\"505\" src=\"https:\/\/www.warlandia.it\/magazine\/wp-content\/uploads\/2023\/06\/gallato02.jpg\" alt=\"Il domino \" class=\"wp-image-14803\" srcset=\"https:\/\/www.warlandia.it\/magazine\/wp-content\/uploads\/2023\/06\/gallato02.jpg 500w, https:\/\/www.warlandia.it\/magazine\/wp-content\/uploads\/2023\/06\/gallato02-297x300.jpg 297w\" sizes=\"auto, (max-width: 500px) 100vw, 500px\" \/><figcaption class=\"wp-element-caption\">Il domino <\/figcaption><\/figure>\n<\/div>\n\n\n<p class=\"wp-block-paragraph\">Il costume fu poi bandito per motivi di pubblica sicurezza nei primi anni del XX secolo, poich\u00e9 alcuni malviventi usavano travestirsi per poi confondersi tra la folla intenta a festeggiare il carnevale, dopo aver compiuto delitti.<\/p>\n\n\n\n<ul class=\"wp-block-list\">\n<li><strong>Dove \u00e8 ambientato il racconto?<\/strong><\/li>\n<\/ul>\n\n\n\n<p class=\"wp-block-paragraph\">Questo racconto \u00e8 ambientato in pi\u00f9 parti della Sicilia, proprio perch\u00e9 sono diverse le tradizioni di Carnevale legate al Domino.<\/p>\n\n\n\n<p class=\"wp-block-paragraph\">Nella prima parte della storia ci troveremo a Barrafranca, e pi\u00f9 precisamente in Contrada Rocche, zona tra i vicini comuni di Pietraperzia, Mazzarino e Piazza Armerina.<\/p>\n\n\n\n<p class=\"wp-block-paragraph\">La seconda parte del racconto \u00e8 ambientata a Patern\u00f2, in una collina poco sopra la citt\u00e0 da dove \u00e8 possibile ammirare un panorama mozzafiato che contempla il castello Normanno, il complesso di San Francesco alla Collina e la Chiesa di Santa Maria dell\u2019Alto.<\/p>\n\n\n\n<p class=\"wp-block-paragraph\">Nella terza parte saremo proiettati a Bisacquino, un piccolo paese all&#8217;interno della Sicilia occidentale, quasi all\u2019estremo lembo meridionale della citt\u00e0 metropolitana di Palermo.<\/p>\n\n\n<div class=\"wp-block-image\">\n<figure class=\"aligncenter size-full\"><img loading=\"lazy\" decoding=\"async\" width=\"500\" height=\"282\" src=\"https:\/\/www.warlandia.it\/magazine\/wp-content\/uploads\/2023\/06\/gallato04.jpg\" alt=\"Carnevale di Acireale\" class=\"wp-image-14802\" srcset=\"https:\/\/www.warlandia.it\/magazine\/wp-content\/uploads\/2023\/06\/gallato04.jpg 500w, https:\/\/www.warlandia.it\/magazine\/wp-content\/uploads\/2023\/06\/gallato04-300x169.jpg 300w\" sizes=\"auto, (max-width: 500px) 100vw, 500px\" \/><figcaption class=\"wp-element-caption\">Carnevale di Acireale<\/figcaption><\/figure>\n<\/div>\n\n\n<p class=\"wp-block-paragraph\">Infine, nell\u2019ultima parte del racconto, ci troveremo ad Acireale, citt\u00e0 che sorge a met\u00e0 della costa Ionica siciliana e nota in particolar modo per il suo carnevale, per il barocco e le sue bellezze naturalistiche.<\/p>\n\n\n\n<ul class=\"wp-block-list\">\n<li><strong>Un breve estratto dal racconto.<\/strong><\/li>\n<\/ul>\n\n\n\n<p class=\"wp-block-paragraph\">\u201cQuando il silenzio ecliss\u00f2 la voce, l\u2019ombra del Domino sfum\u00f2 lentamente fino a tramutarsi in un\u2019unica particella oscura. Un atomo indefinito che scomparve nel nulla, esattamente come si era generato.\u201d<\/p>\n\n\n\n<ul class=\"wp-block-list\">\n<li><strong>Indica una canzone, da ascoltare come colonna sonora al racconto, o un&#8217;immagine (di qualunque tipo, foto, quadri ecc) da abbinare.<\/strong><\/li>\n<\/ul>\n\n\n\n<p class=\"wp-block-paragraph\">Per la lettura consiglierei l\u2019ascolto delle musiche che mi hanno ispirato maggiormente durante le fasi di stesura del racconto:<\/p>\n\n\n\n<p class=\"wp-block-paragraph\">Interstellar, OST 13: \u201cCoward\u201d by Hans Zimmer<\/p>\n\n\n\n<figure class=\"wp-block-embed is-type-video is-provider-youtube wp-block-embed-youtube wp-embed-aspect-16-9 wp-has-aspect-ratio\"><div class=\"wp-block-embed__wrapper\">\n<iframe loading=\"lazy\" title=\"Interstellar OST 13 Coward by Hans Zimmer\" width=\"780\" height=\"439\" src=\"https:\/\/www.youtube.com\/embed\/4RDJV-_h5JI?list=PLco_u-O9FeQ_cV5gc3VdUHoQYBI73MYkU\" frameborder=\"0\" allow=\"accelerometer; autoplay; clipboard-write; encrypted-media; gyroscope; picture-in-picture; web-share\" allowfullscreen><\/iframe>\n<\/div><\/figure>\n\n\n\n<p class=\"wp-block-paragraph\">Stranger Things, OST: \u201cThe Upside Down\u201d by Kyle Dixon e Michael Stein<\/p>\n\n\n\n<figure class=\"wp-block-embed is-type-video is-provider-youtube wp-block-embed-youtube wp-embed-aspect-4-3 wp-has-aspect-ratio\"><div class=\"wp-block-embed__wrapper\">\n<iframe loading=\"lazy\" title=\"The Upside Down\" width=\"780\" height=\"585\" src=\"https:\/\/www.youtube.com\/embed\/vqffY-6OVKc?feature=oembed\" frameborder=\"0\" allow=\"accelerometer; autoplay; clipboard-write; encrypted-media; gyroscope; picture-in-picture; web-share\" allowfullscreen><\/iframe>\n<\/div><\/figure>\n","protected":false},"excerpt":{"rendered":"<p>Il domino &#8211; sesta tappe del BLOGTOUR su I DONI DELL&#8217;ABISSO di Giuseppe Gallato <\/p>\n","protected":false},"author":1,"featured_media":14781,"comment_status":"closed","ping_status":"open","sticky":false,"template":"","format":"standard","meta":{"_crdt_document":"","footnotes":""},"categories":[4],"tags":[6,20],"class_list":["post-14800","post","type-post","status-publish","format-standard","has-post-thumbnail","hentry","category-libri","tag-fantasy","tag-scrittura","latest_post"],"_links":{"self":[{"href":"https:\/\/www.warlandia.it\/magazine\/wp-json\/wp\/v2\/posts\/14800","targetHints":{"allow":["GET"]}}],"collection":[{"href":"https:\/\/www.warlandia.it\/magazine\/wp-json\/wp\/v2\/posts"}],"about":[{"href":"https:\/\/www.warlandia.it\/magazine\/wp-json\/wp\/v2\/types\/post"}],"author":[{"embeddable":true,"href":"https:\/\/www.warlandia.it\/magazine\/wp-json\/wp\/v2\/users\/1"}],"replies":[{"embeddable":true,"href":"https:\/\/www.warlandia.it\/magazine\/wp-json\/wp\/v2\/comments?post=14800"}],"version-history":[{"count":1,"href":"https:\/\/www.warlandia.it\/magazine\/wp-json\/wp\/v2\/posts\/14800\/revisions"}],"predecessor-version":[{"id":14804,"href":"https:\/\/www.warlandia.it\/magazine\/wp-json\/wp\/v2\/posts\/14800\/revisions\/14804"}],"wp:featuredmedia":[{"embeddable":true,"href":"https:\/\/www.warlandia.it\/magazine\/wp-json\/wp\/v2\/media\/14781"}],"wp:attachment":[{"href":"https:\/\/www.warlandia.it\/magazine\/wp-json\/wp\/v2\/media?parent=14800"}],"wp:term":[{"taxonomy":"category","embeddable":true,"href":"https:\/\/www.warlandia.it\/magazine\/wp-json\/wp\/v2\/categories?post=14800"},{"taxonomy":"post_tag","embeddable":true,"href":"https:\/\/www.warlandia.it\/magazine\/wp-json\/wp\/v2\/tags?post=14800"}],"curies":[{"name":"wp","href":"https:\/\/api.w.org\/{rel}","templated":true}]}}