{"id":13873,"date":"2021-07-11T13:15:20","date_gmt":"2021-07-11T11:15:20","guid":{"rendered":"https:\/\/www.warlandia.it\/magazine\/?p=13873"},"modified":"2021-07-11T13:15:20","modified_gmt":"2021-07-11T11:15:20","slug":"scopriamo-insieme-annetta-non-e-una-buona-forchetta","status":"publish","type":"post","link":"https:\/\/www.warlandia.it\/magazine\/2021\/07\/11\/scopriamo-insieme-annetta-non-e-una-buona-forchetta\/","title":{"rendered":"Scopriamo insieme&#8230;Annetta non \u00e8 una buona forchetta"},"content":{"rendered":"\n<p class=\"wp-block-paragraph\"><em> Ecco la nostra recensione del bellissimo libro di Patrizia Mazzini &#8211; <strong><a href=\"https:\/\/www.npsedizioni.it\/p\/annetta-non-e-una-buona-forchetta-patrizia-mazzini\/\" target=\"_blank\" rel=\"noreferrer noopener\">Annetta non \u00e8 una buona forchetta<\/a><\/strong> &#8211; edito dai nostri amici di NPS EDIZIONI che ce lo hanno gentilmente donato. Una moderna favola scritta per i bambini e i loro genitori per introdurre l&#8217;importante argomento dei problemi alimentari<em>.<\/em> <\/em><\/p>\n\n\n\n<div class=\"wp-block-image\"><figure class=\"aligncenter size-full\"><img loading=\"lazy\" decoding=\"async\" width=\"450\" height=\"447\" src=\"https:\/\/www.warlandia.it\/magazine\/wp-content\/uploads\/2021\/06\/annetta-forchetta-cover.jpg\" alt=\"Annetta non \u00e8 una buona forchetta (Libro per bambini)\" class=\"wp-image-13858\" srcset=\"https:\/\/www.warlandia.it\/magazine\/wp-content\/uploads\/2021\/06\/annetta-forchetta-cover.jpg 450w, https:\/\/www.warlandia.it\/magazine\/wp-content\/uploads\/2021\/06\/annetta-forchetta-cover-300x298.jpg 300w, https:\/\/www.warlandia.it\/magazine\/wp-content\/uploads\/2021\/06\/annetta-forchetta-cover-150x150.jpg 150w\" sizes=\"auto, (max-width: 450px) 100vw, 450px\" \/><figcaption>Annetta non \u00e8 una buona forchetta (Libro per bambini)<\/figcaption><\/figure><\/div>\n\n\n\n<p class=\"wp-block-paragraph\">Abbiamo gi\u00e0 introdotto con una piccola anteprima il libro <a href=\"https:\/\/www.warlandia.it\/magazine\/2021\/06\/14\/annetta-non-e-una-buona-forchetta-anteprima\/\" data-type=\"post\" data-id=\"13857\">Annetta non \u00e8 una buona forchetta<\/a>, oggi ne vogliamo dare una nostra lettura personale.<\/p>\n\n\n\n<p class=\"wp-block-paragraph\">L&#8217;autrice, Patrizia Mazzini, proviene dal mondo della scuola e. in particolare, \u00e8 una maestra. In termini pi\u00f9 moderni le chiamiamo educatrici, ma io continuo a preferire la parola maestra che mi \u00e8 pi\u00f9 vicina al cuore e che mi ricorda che le meravigliose persone che accompagnano i nostri figli e che prima hanno accompagnato noi nella crescita, non sono solo insegnati o educatrici, ma talvolta maestre di vita.<\/p>\n\n\n\n<div class=\"wp-block-image is-style-rounded\"><figure class=\"aligncenter size-large is-resized\"><img loading=\"lazy\" decoding=\"async\" src=\"https:\/\/www.warlandia.it\/magazine\/wp-content\/uploads\/2021\/06\/Patrizia-Mazzini-683x1024.jpg\" alt=\"Patrizia Mazzini autrice\" class=\"wp-image-13859\" width=\"342\" height=\"512\" srcset=\"https:\/\/www.warlandia.it\/magazine\/wp-content\/uploads\/2021\/06\/Patrizia-Mazzini-683x1024.jpg 683w, https:\/\/www.warlandia.it\/magazine\/wp-content\/uploads\/2021\/06\/Patrizia-Mazzini-200x300.jpg 200w, https:\/\/www.warlandia.it\/magazine\/wp-content\/uploads\/2021\/06\/Patrizia-Mazzini-768x1152.jpg 768w, https:\/\/www.warlandia.it\/magazine\/wp-content\/uploads\/2021\/06\/Patrizia-Mazzini.jpg 800w\" sizes=\"auto, (max-width: 342px) 100vw, 342px\" \/><figcaption>Patrizia Mazzini autrice <\/figcaption><\/figure><\/div>\n\n\n\n<p class=\"wp-block-paragraph\">Come ogni favola che si rispetti anche questa inizia con un bellissimo &#8220;C&#8217;era una volta&#8230;&#8221; che fa sempre il suo bell&#8217;effetto. E chi c&#8217;era tanto tempo fa in questa storia? <strong>Aurora <\/strong>una bambina molto sveglia, amante della giustizia, ma con una grande difficolt\u00e0 nella sua vita: il cibo! <\/p>\n\n\n\n<p class=\"wp-block-paragraph\">Aurora? Ma che fine ha fatto <strong>Annetta <\/strong>mi sono chiesto dopo una sola pagina? Pazienza amici lettori&#8230;.<\/p>\n\n\n\n<p class=\"wp-block-paragraph\">Aurora era sempre felice e serena tranne che duranti i pasti. Si rabbuiava e iniziava a trovare scuse dicendo che il cibo era salato, oppure insipido pur di non mangiare. Un giorno le apparve Annetta una fatina che le disse che sapeva della sua difficolt\u00e0 e che l&#8217;avrebbe portata al suo castello dove avrebbe potuto giocare con tanti altri bambini e nessuno le avrebbe mai parlato di cibo. Aurora era entusiasta e senza troppe precauzioni si lasci\u00f2 convincere e and\u00f2 con Annetta&#8230;<\/p>\n\n\n\n<p class=\"wp-block-paragraph\">Ma la verit\u00e0 era ben diversa e al castello Aurora si accorse che qualcosa non quadrava&#8230;<\/p>\n\n\n\n<p class=\"wp-block-paragraph\">Come andr\u00e0 a finire la storia? Chi \u00e8 il mago <strong>Gaetano Mangiasano<\/strong>? Come mai usa un mestolo d&#8217;oro al posto della bacchetta magica? <\/p>\n\n\n\n<p class=\"wp-block-paragraph\">Per scoprire come andr\u00e0 a finire e quali avventure dovr\u00e0 affrontare la piccola Aurora e per scoprire la verit\u00e0 dovrete leggere questo bellissimo libro!<\/p>\n\n\n\n<p class=\"wp-block-paragraph\">I personaggi sono divertenti e i bambini li adoreranno (specialmente il mago <strong>Gaetano Mangiasano<\/strong>!) <\/p>\n\n\n\n<p class=\"wp-block-paragraph\">Il libro \u00e8 corredato di belle illustrazioni volutamente realizzate in bianco e nero dalla bravissima <strong>Luciana Volante<\/strong> per consentire ai bambini di colorarle. <\/p>\n\n\n\n<p class=\"wp-block-paragraph\">Con la solita speciale cura NPS Edizioni ha fatto attenzione ai piccoli lettori scegliendo dei font molto leggibili, un formato grande, ma maneggevole, una copertina bellissima e tanta attenzione ai problemi dei piccoli dislessici.<\/p>\n","protected":false},"excerpt":{"rendered":"<p>Il cibo mangiato mentre si ascolta una favola diventa pi\u00f9 appetitoso&#8230;scopriamo insieme chi \u00e8 Annetta e perch\u00e9 non \u00e8 una buona forchetta!!!!!!!<\/p>\n","protected":false},"author":1,"featured_media":13858,"comment_status":"closed","ping_status":"open","sticky":false,"template":"","format":"standard","meta":{"_crdt_document":"","footnotes":""},"categories":[4],"tags":[71,32,20],"class_list":["post-13873","post","type-post","status-publish","format-standard","has-post-thumbnail","hentry","category-libri","tag-bambini","tag-favola","tag-scrittura","latest_post"],"_links":{"self":[{"href":"https:\/\/www.warlandia.it\/magazine\/wp-json\/wp\/v2\/posts\/13873","targetHints":{"allow":["GET"]}}],"collection":[{"href":"https:\/\/www.warlandia.it\/magazine\/wp-json\/wp\/v2\/posts"}],"about":[{"href":"https:\/\/www.warlandia.it\/magazine\/wp-json\/wp\/v2\/types\/post"}],"author":[{"embeddable":true,"href":"https:\/\/www.warlandia.it\/magazine\/wp-json\/wp\/v2\/users\/1"}],"replies":[{"embeddable":true,"href":"https:\/\/www.warlandia.it\/magazine\/wp-json\/wp\/v2\/comments?post=13873"}],"version-history":[{"count":4,"href":"https:\/\/www.warlandia.it\/magazine\/wp-json\/wp\/v2\/posts\/13873\/revisions"}],"predecessor-version":[{"id":13877,"href":"https:\/\/www.warlandia.it\/magazine\/wp-json\/wp\/v2\/posts\/13873\/revisions\/13877"}],"wp:featuredmedia":[{"embeddable":true,"href":"https:\/\/www.warlandia.it\/magazine\/wp-json\/wp\/v2\/media\/13858"}],"wp:attachment":[{"href":"https:\/\/www.warlandia.it\/magazine\/wp-json\/wp\/v2\/media?parent=13873"}],"wp:term":[{"taxonomy":"category","embeddable":true,"href":"https:\/\/www.warlandia.it\/magazine\/wp-json\/wp\/v2\/categories?post=13873"},{"taxonomy":"post_tag","embeddable":true,"href":"https:\/\/www.warlandia.it\/magazine\/wp-json\/wp\/v2\/tags?post=13873"}],"curies":[{"name":"wp","href":"https:\/\/api.w.org\/{rel}","templated":true}]}}