{"id":13669,"date":"2020-07-05T11:45:21","date_gmt":"2020-07-05T09:45:21","guid":{"rendered":"https:\/\/www.warlandia.it\/magazine\/?p=13669"},"modified":"2020-07-05T16:51:48","modified_gmt":"2020-07-05T14:51:48","slug":"laltra-anima-della-citta-recensione","status":"publish","type":"post","link":"https:\/\/www.warlandia.it\/magazine\/2020\/07\/05\/laltra-anima-della-citta-recensione\/","title":{"rendered":"L&#8217;altra anima della citt\u00e0 &#8211; RECENSIONE"},"content":{"rendered":"\n<p class=\"wp-block-paragraph\"><em>Oggi vi racconto le mie impressioni sul romanzo <a href=\"https:\/\/www.warlandia.it\/magazine\/2020\/06\/04\/laltra-anima-della-citta-di-francesca-cappelli-anteprima\/\" data-type=\"post\" data-id=\"13642\">L&#8217;altra anima della citt\u00e0<\/a> della bravissima <strong>Francesca Cappelli<\/strong> autrice di racconti (<a href=\"https:\/\/www.warlandia.it\/magazine\/2020\/05\/17\/bestie-ditalia-volume-secondo-recensione\/\" data-type=\"URL\" data-id=\"https:\/\/www.warlandia.it\/magazine\/2020\/05\/17\/bestie-ditalia-volume-secondo-recensione\/\">Bestie d&#8217;Italia volume secondo<\/a>), insegnante, cantante, una persona che mi incuriosisce moltissimo.<\/em> Ancora un volume di <a href=\"https:\/\/www.npsedizioni.it\/p\/laltra-anima-della-citta-francesca-cappelli\/\" data-type=\"URL\" data-id=\"https:\/\/www.npsedizioni.it\/p\/laltra-anima-della-citta-francesca-cappelli\/\" target=\"_blank\" rel=\"noreferrer noopener\">NPS EDIZIONI<\/a>.<\/p>\n\n\n\n<div class=\"wp-block-image\"><figure class=\"aligncenter size-large\"><img loading=\"lazy\" decoding=\"async\" width=\"800\" height=\"440\" src=\"https:\/\/www.warlandia.it\/magazine\/wp-content\/uploads\/2020\/06\/altra-anima-citta-cappelli.jpg\" alt=\"L'altra anima della citt\u00e0 di Francesca Cappelli\" class=\"wp-image-13643\" srcset=\"https:\/\/www.warlandia.it\/magazine\/wp-content\/uploads\/2020\/06\/altra-anima-citta-cappelli.jpg 800w, https:\/\/www.warlandia.it\/magazine\/wp-content\/uploads\/2020\/06\/altra-anima-citta-cappelli-300x165.jpg 300w, https:\/\/www.warlandia.it\/magazine\/wp-content\/uploads\/2020\/06\/altra-anima-citta-cappelli-768x422.jpg 768w\" sizes=\"auto, (max-width: 800px) 100vw, 800px\" \/><figcaption>L&#8217;altra anima della citt\u00e0 di Francesca Cappelli<\/figcaption><\/figure><\/div>\n\n\n\n<p class=\"wp-block-paragraph\"><strong>Elia Chiari<\/strong> vive a Firenze ed \u00e8 all&#8217;ultimo anno delle scuole superiori. \u00c8 un ragazzo intelligente, ma ribelle. Suona in una improbabile rock band, ama infrangere le regole e sfidare l&#8217;autorit\u00e0. Elia \u00e8, per\u00f2, una bella persona con un animo sensibile e una grande passione per la storia.<\/p>\n\n\n\n<p class=\"wp-block-paragraph\">La sua migliore amica \u00e8 <strong>Ginevra<\/strong>: studentessa modello che lo trascina verso gli esami di maturit\u00e0 aiutandolo e costringendolo a dedicare del tempo anche alle cose importanti come lo studio.<\/p>\n\n\n\n<p class=\"wp-block-paragraph\">Un giorno Elia incontra una donna anziana che sembra chiedere aiuto con lo sguardo. Gli altri passanti la ignorano, ma Elia ricambia il suo sguardo. La donna lo avvicina e lo ferisce al petto in modo lieve. La sua non \u00e8, per\u00f2, una vera aggressione, ma un rito magico per passare su Elia tutti i suoi ricordi e la memoria delle citt\u00e0.<\/p>\n\n\n\n<p class=\"wp-block-paragraph\">Dopo essere stato ferito Elia scopre di vedere cose che altri non vedono. La realt\u00e0 \u00e8 multiforme e nello stesso luogo coesistono diverse versioni di Firenze. Alcune del passato, altre del futuro, altre che esistono in realt\u00e0 parallele. Elia diviene una <strong>MEMORIA<\/strong>, una persona in grado di ricordare tutto quello che riguarda le citt\u00e0 e le loro diverse versioni. Dall&#8217;esistenza delle memoria dipende da continuit\u00e0 dell&#8217;esistenza delle citt\u00e0 stesse. L&#8217;altra anima della citt\u00e0 \u00e8 proprio questa intreccio di realt\u00e0 parallele, storia e storie personali che danno un senso all&#8217;esistenza stessa.<\/p>\n\n\n\n<div class=\"wp-block-image\"><figure class=\"aligncenter size-large\"><img loading=\"lazy\" decoding=\"async\" width=\"800\" height=\"423\" src=\"https:\/\/www.warlandia.it\/magazine\/wp-content\/uploads\/2020\/07\/santa-croce-firenze.jpg\" alt=\"Piazza Santa Croce a Firenze\" class=\"wp-image-13671\" srcset=\"https:\/\/www.warlandia.it\/magazine\/wp-content\/uploads\/2020\/07\/santa-croce-firenze.jpg 800w, https:\/\/www.warlandia.it\/magazine\/wp-content\/uploads\/2020\/07\/santa-croce-firenze-300x159.jpg 300w, https:\/\/www.warlandia.it\/magazine\/wp-content\/uploads\/2020\/07\/santa-croce-firenze-768x406.jpg 768w\" sizes=\"auto, (max-width: 800px) 100vw, 800px\" \/><figcaption>Piazza Santa Croce a Firenze<\/figcaption><\/figure><\/div>\n\n\n\n<p class=\"wp-block-paragraph\">L&#8217;esistenza delle citt\u00e0 \u00e8 in pericolo. Il nemico vuole uccidere tutte le memorie per rompere il delicato equilibrio che permette l&#8217;esistenza di tutte le realt\u00e0. La Firenze di Elia, quella che per lui era l&#8217;unica realt\u00e0, \u00e8 chiamata <strong>La Madre<\/strong> \u00e8 un ruolo centrale nel mantenere il tessuto inter dimensionale integro. <\/p>\n\n\n\n<div class=\"wp-block-image\"><figure class=\"aligncenter size-large\"><img loading=\"lazy\" decoding=\"async\" width=\"800\" height=\"440\" src=\"https:\/\/www.warlandia.it\/magazine\/wp-content\/uploads\/2020\/07\/libri-firenze.jpg\" alt=\"Biblioteca Firenze\" class=\"wp-image-13672\" srcset=\"https:\/\/www.warlandia.it\/magazine\/wp-content\/uploads\/2020\/07\/libri-firenze.jpg 800w, https:\/\/www.warlandia.it\/magazine\/wp-content\/uploads\/2020\/07\/libri-firenze-300x165.jpg 300w, https:\/\/www.warlandia.it\/magazine\/wp-content\/uploads\/2020\/07\/libri-firenze-768x422.jpg 768w\" sizes=\"auto, (max-width: 800px) 100vw, 800px\" \/><figcaption>Biblioteca a Firenze<\/figcaption><\/figure><\/div>\n\n\n\n<p class=\"wp-block-paragraph\">Il <strong>Raduno dei Magici Fiorentini<\/strong> ha il compito di preservare le Memorie e fare in modo che trovino sempre un erede prima di morire. Composto da persone diverse, spesso anche in forte contrasto fra loro, il Raduno ha lo scopo di tenere in vita tutte le citt\u00e0 in ogni dimensione. L&#8217;arroganza e la corruzione sembrano la stessa che spesso si vede nel nostro mondo politico. Questa scelta non permette di identificarsi con il Raduno come ci fossero due <strong>buoni <\/strong>contro <strong>cattivi<\/strong>. <\/p>\n\n\n\n<p class=\"wp-block-paragraph\">Alcuni personaggi sono davvero rimasti nel mio cuore. Fra tutti <strong>Damiano<\/strong>: variopinto \u00e8 la parola con la quale lo descriverei. <\/p>\n\n\n\n<p class=\"wp-block-paragraph\">La narrazione dei luoghi mostra una vera passione per la citt\u00e0 di Firenze da parte di Francesca Cappelli che \u00e8 toscana. La scelta di inquadrare i personaggi in una fascia d&#8217;et\u00e0 scolastica mi richiama alla mente il ruolo educativo che Francesca Cappelli ricopre in qualit\u00e0 di insegnante. Anche l&#8217;amore per i libri e la narrazione in s\u00e9 vengono fuori dalle belle pagine del romanzo.<\/p>\n\n\n\n<p class=\"wp-block-paragraph\">Le professoresse della mia vita (mia moglie e mia suocera) vivono per la scuola in un modo unico. Le insegnanti, pi\u00f9 in generale, non sono impiegate statali, ma devote amanti del loro ruolo. Dedite, concentrate, in pensiero per i propri studenti, non mollano mai finch\u00e9 \u00e8 in loro potere aiutare gli allievi.<\/p>\n\n\n\n<p class=\"wp-block-paragraph\">Gli avversari credono fermamente che la cultura non debba essere per tutti. Vogliono eliminare l&#8217;equilibrio esistente per sostituirlo con uno nuovo. <\/p>\n\n\n\n<blockquote class=\"wp-block-quote is-layout-flow wp-block-quote-is-layout-flow\"><p><em>&#8220;Condannarla? No, Aida, non hai capito. Nessuno di voi ha capito. Non la sto condannando. La sto salvando dalle mente mediocri, dai pavidi, dagli ignoranti e da tutti quelli che credono di avere diritto ad abbeverarsi alla cultura senza averne i mezzi&#8221;&#8230;.<\/em><\/p><cite>Citazione da L&#8217;altra anima della citt\u00e0 pagina 217<\/cite><\/blockquote>\n\n\n\n<p class=\"wp-block-paragraph\">Un romanzo unico, scritto in modo chiaro e fluido. Un pensiero interessante che fa scontrare due logiche opposte: quelli che pensano che la cultura, la bellezza e la memoria siano salvifiche per tutti contro quelli che vogliono precludere il diritto alla bellezza a chi, secondo loro, non lo merita.<\/p>\n\n\n\n<p class=\"wp-block-paragraph\">Francesca Cappelli \u00e8 anche una musicista. Suona la chitarra e canta con una voce che mi colpisce particolarmente. Ha scritto una sorta di colonna sonora di accompagnamento al libro.<\/p>\n\n\n\n<figure class=\"wp-block-embed-youtube aligncenter wp-block-embed is-type-rich is-provider-handler-delloggetto-incorporato wp-embed-aspect-4-3 wp-has-aspect-ratio\"><div class=\"wp-block-embed__wrapper\">\n<iframe loading=\"lazy\" title=\"Attraverso [Demo]\" width=\"780\" height=\"585\" src=\"https:\/\/www.youtube.com\/embed\/M0B-x3UE6Ns?feature=oembed\" frameborder=\"0\" allow=\"accelerometer; autoplay; clipboard-write; encrypted-media; gyroscope; picture-in-picture\" allowfullscreen><\/iframe>\n<\/div><\/figure>\n\n\n\n<p class=\"wp-block-paragraph\">Immagino di avervi incuriosito a sufficienza. Spero che leggiate <strong>L&#8217;altra anima della citt\u00e0<\/strong> e che lo amiate almeno quanto l&#8217;ho amato io. <\/p>\n","protected":false},"excerpt":{"rendered":"<p>Oggi vi racconto le mie impressioni sul romanzo L&#8217;altra anima della citt\u00e0 della bravissima Francesca Cappelli autrice di racconti, insegnante, cantante, una persona che mi incuriosisce moltissimo. Edito da NPS EDIZIONI.<\/p>\n","protected":false},"author":1,"featured_media":13644,"comment_status":"closed","ping_status":"open","sticky":false,"template":"","format":"standard","meta":{"_crdt_document":"","footnotes":""},"categories":[4],"tags":[6,15],"class_list":["post-13669","post","type-post","status-publish","format-standard","has-post-thumbnail","hentry","category-libri","tag-fantasy","tag-romanzo","latest_post"],"_links":{"self":[{"href":"https:\/\/www.warlandia.it\/magazine\/wp-json\/wp\/v2\/posts\/13669","targetHints":{"allow":["GET"]}}],"collection":[{"href":"https:\/\/www.warlandia.it\/magazine\/wp-json\/wp\/v2\/posts"}],"about":[{"href":"https:\/\/www.warlandia.it\/magazine\/wp-json\/wp\/v2\/types\/post"}],"author":[{"embeddable":true,"href":"https:\/\/www.warlandia.it\/magazine\/wp-json\/wp\/v2\/users\/1"}],"replies":[{"embeddable":true,"href":"https:\/\/www.warlandia.it\/magazine\/wp-json\/wp\/v2\/comments?post=13669"}],"version-history":[{"count":4,"href":"https:\/\/www.warlandia.it\/magazine\/wp-json\/wp\/v2\/posts\/13669\/revisions"}],"predecessor-version":[{"id":13679,"href":"https:\/\/www.warlandia.it\/magazine\/wp-json\/wp\/v2\/posts\/13669\/revisions\/13679"}],"wp:featuredmedia":[{"embeddable":true,"href":"https:\/\/www.warlandia.it\/magazine\/wp-json\/wp\/v2\/media\/13644"}],"wp:attachment":[{"href":"https:\/\/www.warlandia.it\/magazine\/wp-json\/wp\/v2\/media?parent=13669"}],"wp:term":[{"taxonomy":"category","embeddable":true,"href":"https:\/\/www.warlandia.it\/magazine\/wp-json\/wp\/v2\/categories?post=13669"},{"taxonomy":"post_tag","embeddable":true,"href":"https:\/\/www.warlandia.it\/magazine\/wp-json\/wp\/v2\/tags?post=13669"}],"curies":[{"name":"wp","href":"https:\/\/api.w.org\/{rel}","templated":true}]}}