{"id":11085,"date":"2019-10-22T08:28:39","date_gmt":"2019-10-22T06:28:39","guid":{"rendered":"https:\/\/www.warlandia.it\/magazine\/?p=11085"},"modified":"2019-10-22T08:31:40","modified_gmt":"2019-10-22T06:31:40","slug":"le-cronache-di-narnia-5","status":"publish","type":"post","link":"https:\/\/www.warlandia.it\/magazine\/2019\/10\/22\/le-cronache-di-narnia-5\/","title":{"rendered":"Le Cronache di Narnia 5 &#8211; Il viaggio del veliero"},"content":{"rendered":"\n<p class=\"wp-block-paragraph\">E siamo arrivati al quinto volume su sette de <a href=\"https:\/\/www.warlandia.it\/magazine\/2011\/05\/03\/le-cronache-di-narnia-introduzione\/\">Le Cronache di Narnia<\/a> di cui abbiamo ampiamente parlato in precedenti articoli.<\/p>\n\n\n\n<div class=\"wp-block-image\"><figure class=\"aligncenter size-large\"><img loading=\"lazy\" decoding=\"async\" width=\"800\" height=\"450\" src=\"https:\/\/www.warlandia.it\/magazine\/wp-content\/uploads\/2019\/10\/viaggio-veliero01.jpg\" alt=\"\" class=\"wp-image-11086\" srcset=\"https:\/\/www.warlandia.it\/magazine\/wp-content\/uploads\/2019\/10\/viaggio-veliero01.jpg 800w, https:\/\/www.warlandia.it\/magazine\/wp-content\/uploads\/2019\/10\/viaggio-veliero01-300x169.jpg 300w, https:\/\/www.warlandia.it\/magazine\/wp-content\/uploads\/2019\/10\/viaggio-veliero01-768x432.jpg 768w\" sizes=\"auto, (max-width: 800px) 100vw, 800px\" \/><figcaption>Le Cronache di Narnia &#8211; Il viaggio del veliero<\/figcaption><\/figure><\/div>\n\n\n\n<p class=\"wp-block-paragraph\">Ancora una volta Lucie ed Edmund Pevensie sono protagonisti di una magnifica avventura nelle terre di Narnia. Tutto comincia quando i pi\u00f9 giovani dei quattro fratelli che abbiamo imparato a conoscere, si recano dal cugino Eustachio per trascorrere il periodo estivo. <\/p>\n\n\n\n<p class=\"wp-block-paragraph\">Eustachio \u00e8 odioso e non vuole in alcun modo fare amicizia con i suoi strampalati cugini che parlano sempre di luoghi magici e riferiscono di una terra chiamata Narnia dove tutto \u00e8 possibile e nella quale loro sono degli antichi e rispettati re.<\/p>\n\n\n\n<p class=\"wp-block-paragraph\">I tre cugini sono in casa e osservano un quadro in cui \u00e8 dipinto il mare e una nave in balia delle onde. Improvvisamente un forte vento e degli spruzzi fuoriescono dal dipinto lasciando Eustachio senza parole. Pochi secondi dopo i tre cugini vengono risucchiati dal quadro e si ritrovano sulla nave per magia.<\/p>\n\n\n\n<div class=\"wp-block-image\"><figure class=\"aligncenter size-large\"><img loading=\"lazy\" decoding=\"async\" width=\"250\" height=\"373\" src=\"https:\/\/www.warlandia.it\/magazine\/wp-content\/uploads\/2019\/10\/viaggio-veliero-cover.jpg\" alt=\"\" class=\"wp-image-11088\" srcset=\"https:\/\/www.warlandia.it\/magazine\/wp-content\/uploads\/2019\/10\/viaggio-veliero-cover.jpg 250w, https:\/\/www.warlandia.it\/magazine\/wp-content\/uploads\/2019\/10\/viaggio-veliero-cover-201x300.jpg 201w\" sizes=\"auto, (max-width: 250px) 100vw, 250px\" \/><figcaption>Il viaggio del veliero<\/figcaption><\/figure><\/div>\n\n\n\n<p class=\"wp-block-paragraph\">Ancora una volta a Narnia e in compagnia del loro carissimo Caspian, i Pevensie fanno di tutto per far capire a Eustachio la bellezza dell&#8217;occasione di vivere insieme un momento simile. La diversit\u00e0 culturale e la naturale diffidenza di Eustachio saranno un ostacolo serio alla sua integrazione a Narnia.<\/p>\n\n\n\n<p class=\"wp-block-paragraph\">Navigando verso l&#8217;ignoto alla ricerca della casa di Aslan, i protagonisti del romanzo vivranno mille avventure. Pian piano persino Eustachio diventer\u00e0 coraggioso, si integrer\u00e0 e smetter\u00e0 di essere antipatico.<\/p>\n\n\n\n<p class=\"wp-block-paragraph\">Fra i 5 romanzi della saga \u00e8 il pi\u00f9 rapido. Dopo poche pagine ci si ritrova in viaggio sul veliero e si sogna con i protagonisti.<\/p>\n\n\n\n<p class=\"wp-block-paragraph\">Un romanzo adatto ai pi\u00f9 giovani, come abbiamo gi\u00e0 avuto modo di commentare, ma che non potevo non leggere per me e per voi.<\/p>\n","protected":false},"excerpt":{"rendered":"<p>E siamo arrivati al quinto volume su sette de Le Cronache di Narnia di cui abbiamo ampiamente parlato in precedenti articoli.<\/p>\n<p>Ancora una volta Lucie ed Edmund Pevensie sono protagonisti di una magnifica avventura nelle terre di Narnia. Tutto comincia quando i pi\u00f9 giovani dei quattro fratelli che abbiamo imparato a conoscere, si recano dal cugino Eustachio&#8230;<br \/>\nIl <\/p>\n","protected":false},"author":1,"featured_media":11087,"comment_status":"closed","ping_status":"open","sticky":false,"template":"","format":"standard","meta":{"_crdt_document":"","footnotes":""},"categories":[4],"tags":[6,63,78,15],"class_list":["post-11085","post","type-post","status-publish","format-standard","has-post-thumbnail","hentry","category-libri","tag-fantasy","tag-libro","tag-narnia","tag-romanzo","latest_post"],"_links":{"self":[{"href":"https:\/\/www.warlandia.it\/magazine\/wp-json\/wp\/v2\/posts\/11085","targetHints":{"allow":["GET"]}}],"collection":[{"href":"https:\/\/www.warlandia.it\/magazine\/wp-json\/wp\/v2\/posts"}],"about":[{"href":"https:\/\/www.warlandia.it\/magazine\/wp-json\/wp\/v2\/types\/post"}],"author":[{"embeddable":true,"href":"https:\/\/www.warlandia.it\/magazine\/wp-json\/wp\/v2\/users\/1"}],"replies":[{"embeddable":true,"href":"https:\/\/www.warlandia.it\/magazine\/wp-json\/wp\/v2\/comments?post=11085"}],"version-history":[{"count":2,"href":"https:\/\/www.warlandia.it\/magazine\/wp-json\/wp\/v2\/posts\/11085\/revisions"}],"predecessor-version":[{"id":11090,"href":"https:\/\/www.warlandia.it\/magazine\/wp-json\/wp\/v2\/posts\/11085\/revisions\/11090"}],"wp:featuredmedia":[{"embeddable":true,"href":"https:\/\/www.warlandia.it\/magazine\/wp-json\/wp\/v2\/media\/11087"}],"wp:attachment":[{"href":"https:\/\/www.warlandia.it\/magazine\/wp-json\/wp\/v2\/media?parent=11085"}],"wp:term":[{"taxonomy":"category","embeddable":true,"href":"https:\/\/www.warlandia.it\/magazine\/wp-json\/wp\/v2\/categories?post=11085"},{"taxonomy":"post_tag","embeddable":true,"href":"https:\/\/www.warlandia.it\/magazine\/wp-json\/wp\/v2\/tags?post=11085"}],"curies":[{"name":"wp","href":"https:\/\/api.w.org\/{rel}","templated":true}]}}